{"id":7742,"date":"2024-09-26T12:30:01","date_gmt":"2024-09-26T15:30:01","guid":{"rendered":"https:\/\/partediario.com.ar\/?p=7742"},"modified":"2024-09-28T11:23:36","modified_gmt":"2024-09-28T14:23:36","slug":"desde-que-se-iniciaron-los-incendios-en-cordoba-hay-11-personas-arrestadas","status":"publish","type":"post","link":"https:\/\/partediario.com.ar\/?p=7742","title":{"rendered":"Desde que se iniciaron los incendios en C\u00f3rdoba hay 11 personas arrestadas"},"content":{"rendered":"\n<h3 class=\"wp-block-heading\">Lo confirm\u00f3 el ministro de Seguridad de la provincia, adem\u00e1s desminti\u00f3 que los detenidos tienen afiliaci\u00f3n pol\u00edtica, tras posteo falso en la red social X.<\/h3>\n\n\n\n<p>Son 11 los detenidos detenidos desde que se iniciaron los incendios en C\u00f3rdoba seg\u00fan confirm\u00f3 el ministro de Seguridad de la provincia, Juan Pablo Quinteros, y del total tres ya fueron imputados, mientras que al momento solo hay cuatro personas con prisi\u00f3n.<\/p>\n\n\n\n<p>En medio de un escenario muy cr\u00edtico por los incendios en la provincia, el funcionario precis\u00f3 que hubo 11 detenidos, de los cuales tres fueron condenados previamente, cuatro liberados y otros cuatro se encuentran detenidos.<\/p>\n\n\n\n<p>Sobre los condenados, Quinteros se\u00f1al\u00f3 que a fines de julio recibieron una pena a tres a\u00f1os de prisi\u00f3n en suspenso porque se comprob\u00f3 que los incendios fueron de manera intencional.<\/p>\n\n\n\n<p>Acerca de los liberados, aclar\u00f3 que la Justicia orden\u00f3 que no sigan en prisi\u00f3n ya que se constat\u00f3 de qu\u00e9 se trataron de \u201ccuestiones de negligencia grave en un lugar en el que saben que se incendian muy f\u00e1cil\u201d.<\/p>\n\n\n\n<p>Pol\u00e9mica con Javier Milei<\/p>\n\n\n\n<p>En las \u00faltimas horas se desat\u00f3 una gran pol\u00e9mica por un twit falso que el Presidente Javier Milei puso en su red social X donde se manifestaba que por los incendios hab\u00eda 17 detenidos ligados a La C\u00e1mpora.<\/p>\n\n\n\n<p>En este sentido, el ministro ratific\u00f3 que los culpables de estos nuevos focos generados no tienen filiaci\u00f3n pol\u00edtica: \u201cMuchas veces nos desenfocan de nuestro objetivo que es mitigar el incendio\u201d.<\/p>\n\n\n\n<p>\u201cCuando se detiene a una persona no se le pregunta la filiaci\u00f3n pol\u00edtica, eso corresponde a la investigaci\u00f3n sobre cu\u00e1les fueron los motivos\u201d, explic\u00f3 en declaraciones radiales.<\/p>\n\n\n\n<p>Finalizando, Quinteros ratific\u00f3 que \u201clos fuegos, en el 99% de los casos, se inician por mano de hombre\u201d.<\/p>\n","protected":false},"excerpt":{"rendered":"<p>Lo confirm&oacute; el ministro de Seguridad de la provincia, adem&aacute;s desminti&oacute; que los detenidos tienen afiliaci&oacute;n pol&iacute;tica, tras posteo falso en la red social X. Son 11 los detenidos detenidos desde que se iniciaron los incendios en C&oacute;rdoba seg&uacute;n confirm&oacute; el ministro de Seguridad de la provincia, Juan Pablo Quinteros, y del total tres ya [&hellip;]<\/p>\n","protected":false},"author":2,"featured_media":7743,"comment_status":"open","ping_status":"open","sticky":false,"template":"","format":"standard","meta":{"footnotes":""},"categories":[5,7],"tags":[303,465,2998,3461],"class_list":["post-7742","post","type-post","status-publish","format-standard","has-post-thumbnail","hentry","category-nacionales","category-policiales","tag-cordoba","tag-detenidos","tag-incendios","tag-juan-pablo-quinteros"],"_links":{"self":[{"href":"https:\/\/partediario.com.ar\/index.php?rest_route=\/wp\/v2\/posts\/7742","targetHints":{"allow":["GET"]}}],"collection":[{"href":"https:\/\/partediario.com.ar\/index.php?rest_route=\/wp\/v2\/posts"}],"about":[{"href":"https:\/\/partediario.com.ar\/index.php?rest_route=\/wp\/v2\/types\/post"}],"author":[{"embeddable":true,"href":"https:\/\/partediario.com.ar\/index.php?rest_route=\/wp\/v2\/users\/2"}],"replies":[{"embeddable":true,"href":"https:\/\/partediario.com.ar\/index.php?rest_route=%2Fwp%2Fv2%2Fcomments&post=7742"}],"version-history":[{"count":1,"href":"https:\/\/partediario.com.ar\/index.php?rest_route=\/wp\/v2\/posts\/7742\/revisions"}],"predecessor-version":[{"id":7744,"href":"https:\/\/partediario.com.ar\/index.php?rest_route=\/wp\/v2\/posts\/7742\/revisions\/7744"}],"wp:featuredmedia":[{"embeddable":true,"href":"https:\/\/partediario.com.ar\/index.php?rest_route=\/wp\/v2\/media\/7743"}],"wp:attachment":[{"href":"https:\/\/partediario.com.ar\/index.php?rest_route=%2Fwp%2Fv2%2Fmedia&parent=7742"}],"wp:term":[{"taxonomy":"category","embeddable":true,"href":"https:\/\/partediario.com.ar\/index.php?rest_route=%2Fwp%2Fv2%2Fcategories&post=7742"},{"taxonomy":"post_tag","embeddable":true,"href":"https:\/\/partediario.com.ar\/index.php?rest_route=%2Fwp%2Fv2%2Ftags&post=7742"}],"curies":[{"name":"wp","href":"https:\/\/api.w.org\/{rel}","templated":true}]}}