{"id":7745,"date":"2024-09-26T12:54:56","date_gmt":"2024-09-26T15:54:56","guid":{"rendered":"https:\/\/partediario.com.ar\/?p=7745"},"modified":"2024-09-28T11:23:32","modified_gmt":"2024-09-28T14:23:32","slug":"milei-paseo-en-helicoptero-por-los-cielos-cordobeces-vestido-de-rambo-sin-saludar-a-los-bomberos-que-combaten-los-incendios","status":"publish","type":"post","link":"https:\/\/partediario.com.ar\/?p=7745","title":{"rendered":"Milei pase\u00f3 en helic\u00f3ptero por los cielos cordobeces vestido de \u00abRambo\u00bb sin saludar a los bomberos que combaten los incendios"},"content":{"rendered":"\n<p class=\"has-medium-font-size\"><strong>Disfrazado de militar y observando desde arriba la lucha de los bomberos contra el fuego. Reci\u00e9n llegado de Nueva York, se traslad\u00f3 a la provincia para mostrarse preocupado por las alrededor de 36.000 hect\u00e1reas afectadas por los brutales incendios. Dio un paseo en helic\u00f3ptero y se volvi\u00f3 a Buenos Aires para grabar una entrevista con Susana Gim\u00e9nez.<\/strong><\/p>\n\n\n\n<p>Acorralado por los incendios forestales y la fuerte ca\u00edda de su imagen en las encuestas nacionales, Javier Milei se sac\u00f3 el traje que llev\u00f3 a la ONU para disfrazarse de \u00abRambo\u00bb y observar desde lejos la lucha de los bomberos contra el fuego. Reci\u00e9n llegado de Nueva York, se traslad\u00f3 a la provincia para mostrarse preocupado por las 47.000 hect\u00e1reas afectadas. Dio un paseo en helic\u00f3ptero y se volvi\u00f3 a Buenos Aires para grabar una entrevista con Susana Gim\u00e9nez.<\/p>\n\n\n\n<p>En C\u00f3rdoba, Milei viaj\u00f3 solo para la foto. Hizo una recorrida a\u00e9rea y el helic\u00f3ptero nunca toc\u00f3 suelo en las zonas afectadas. No tuvo contacto ni con los bomberos voluntarios ni con los pobladores que padecieron los avatares del fuego en la zona. Trascendi\u00f3 que el posible motivo del apuro fue que a las 18 ten\u00eda previsto grabar una entrevista con Susana. \u00bfAnuncios de ayuda? Hasta el momento no se oficializ\u00f3 ninguna medida concreta.<\/p>\n\n\n\n<p>Lo cierto es que el paseo de Milei por C\u00f3rdoba se limit\u00f3 a un mero acto de presencia en el aeropuerto de la ciudad de C\u00f3rdoba. Al igual que en las inundaciones de Bah\u00eda Blanca de diciembre pasado, el Presidente se disfraz\u00f3 de \u00abRambo\u00bb, encubri\u00e9ndose de militar y simul\u00f3 \u00absupervisar las tareas de asistencia y rescate\u00bb y no anunci\u00f3 ninguna medida.<\/p>\n\n\n\n<p>Mientras tanto en la base de operaciones de Capilla del Monte, los bomberos hab\u00edan formado una fila -estuvieron cerca de dos horas bajo el sol- para recibir al mandatario y estrecharle la mano. Se hab\u00edan acomodado los camiones en hileras, dispuesto el lugar donde iba a aterrizar el helic\u00f3ptero y regado el terreno. Milei, sin embargo, nunca toc\u00f3 el suelo capillense.<\/p>\n\n\n\n<p>Adem\u00e1s de los militares -que debieron suspender las tareas, por al menos 4 horas-, Milei decepcion\u00f3 a los vecinos que se hab\u00edan acercado hasta la ruta 38. Minutos m\u00e1s tarde, los jefes le ordenaron a los bomberos romper filas y descansar. Las caras eran de total desencanto. Milei ya estaba emprendiendo su regreso a la Escuela de Aviaci\u00f3n Militar para partir hacia Buenos Aires, para sentarse con la diva de la TV.<\/p>\n\n\n\n<p>Las denuncias se\u00f1alan que la motosierra de Milei se prendi\u00f3 tambi\u00e9n sobre los presupuestos de la Ley de Manejo del Fuego y la Ley de Protecci\u00f3n Ambiental de los Bosques Nativos. Incluso, un diputado de La Libertad Avanza present\u00f3 un proyecto para la derogaci\u00f3n de la Ley del manejo del fuego, proyecto acompa\u00f1ado por gran parte del bloque libertario. Cabe recordar que los dos helic\u00f3pteros que se utilizaban para incendios fueron regalados por Milei a su amigo, Volod\u00edmir Zelenski, el ultra derechista presidente de Ucrania.<\/p>\n\n\n\n<p>La presencia de Milei en C\u00f3rdoba fue rechazada por las distintas organizaciones ambientales y brigadistas, quienes lo declararon \u00abpersona no grata\u00bb. La Asociaci\u00f3n de Trabajadores del Estado (ATE) y la Central de Trabajadores de la Argentina (CTA), emitieron una carta dirigida a La Libertad Avanza expresando su fuerte repudio. En el comunicado, aseguraron que la relaci\u00f3n entre los incendios y la falta de acompa\u00f1amiento gubernamental, gener\u00f3 esta tragedia.<\/p>\n\n\n\n<p>Entre las cr\u00edticas expuestas destacaron los recortes a la Ley de Manejo del Fuego y la desjerarquizaci\u00f3n de la cartera ambiental. Tambi\u00e9n, denunciaron el negacionismo frente a la crisis clim\u00e1tica y ecol\u00f3gica, y denunciaron que el Gobierno de Milei no ha ejecutado \u00abni un peso\u00bb de los fondos asignados para el manejo del fuego.<\/p>\n","protected":false},"excerpt":{"rendered":"<p>Disfrazado de militar y observando desde arriba la lucha de los bomberos contra el fuego. Reci&eacute;n llegado de Nueva York, se traslad&oacute; a la provincia para mostrarse preocupado por las alrededor de 36.000 hect&aacute;reas afectadas por los brutales incendios. Dio un paseo en helic&oacute;ptero y se volvi&oacute; a Buenos Aires para grabar una entrevista con [&hellip;]<\/p>\n","protected":false},"author":2,"featured_media":7746,"comment_status":"open","ping_status":"open","sticky":false,"template":"","format":"standard","meta":{"footnotes":""},"categories":[5,176],"tags":[303,2998,232,3462,3463],"class_list":["post-7745","post","type-post","status-publish","format-standard","has-post-thumbnail","hentry","category-nacionales","category-politica","tag-cordoba","tag-incendios","tag-javier-milei","tag-rambo","tag-susana-gimenez"],"_links":{"self":[{"href":"https:\/\/partediario.com.ar\/index.php?rest_route=\/wp\/v2\/posts\/7745","targetHints":{"allow":["GET"]}}],"collection":[{"href":"https:\/\/partediario.com.ar\/index.php?rest_route=\/wp\/v2\/posts"}],"about":[{"href":"https:\/\/partediario.com.ar\/index.php?rest_route=\/wp\/v2\/types\/post"}],"author":[{"embeddable":true,"href":"https:\/\/partediario.com.ar\/index.php?rest_route=\/wp\/v2\/users\/2"}],"replies":[{"embeddable":true,"href":"https:\/\/partediario.com.ar\/index.php?rest_route=%2Fwp%2Fv2%2Fcomments&post=7745"}],"version-history":[{"count":2,"href":"https:\/\/partediario.com.ar\/index.php?rest_route=\/wp\/v2\/posts\/7745\/revisions"}],"predecessor-version":[{"id":7778,"href":"https:\/\/partediario.com.ar\/index.php?rest_route=\/wp\/v2\/posts\/7745\/revisions\/7778"}],"wp:featuredmedia":[{"embeddable":true,"href":"https:\/\/partediario.com.ar\/index.php?rest_route=\/wp\/v2\/media\/7746"}],"wp:attachment":[{"href":"https:\/\/partediario.com.ar\/index.php?rest_route=%2Fwp%2Fv2%2Fmedia&parent=7745"}],"wp:term":[{"taxonomy":"category","embeddable":true,"href":"https:\/\/partediario.com.ar\/index.php?rest_route=%2Fwp%2Fv2%2Fcategories&post=7745"},{"taxonomy":"post_tag","embeddable":true,"href":"https:\/\/partediario.com.ar\/index.php?rest_route=%2Fwp%2Fv2%2Ftags&post=7745"}],"curies":[{"name":"wp","href":"https:\/\/api.w.org\/{rel}","templated":true}]}}