{"id":7753,"date":"2024-09-26T15:12:56","date_gmt":"2024-09-26T18:12:56","guid":{"rendered":"https:\/\/partediario.com.ar\/?p=7753"},"modified":"2024-09-28T11:23:29","modified_gmt":"2024-09-28T14:23:29","slug":"despues-de-mucho-tiempo-recuperamos-el-tc-en-parana-senalo-frigerio","status":"publish","type":"post","link":"https:\/\/partediario.com.ar\/?p=7753","title":{"rendered":"\u00abDespu\u00e9s de mucho tiempo, recuperamos el TC en Paran\u00e1\u00bb, se\u00f1al\u00f3 Frigerio"},"content":{"rendered":"\n<h3 class=\"wp-block-heading\">El gobernador Rogelio Frigerio recibi\u00f3 al piloto Mariano Werner de cara a la competencia del Turismo Carretera que vuelve a Paran\u00e1 este fin de semana. \u00abDespu\u00e9s de mucho tiempo, recuperamos esta carrera. Ten\u00edamos que poner todo de nuestra parte para lograrlo\u00bb, sostuvo el mandatario.<\/h3>\n\n\n\n<p>El gobernador Frigerio se reuni\u00f3 este jueves con el piloto entrerriano en Casa de Gobierno. \u00abMuy contento de recibir a Mariano y con mucha expectativa para el domingo porque despu\u00e9s de bastante tiempo, recuperamos nuestra carrera\u00bb.<\/p>\n\n\n\n<p>Sobre las gestiones para que Turismo Carretera vuelva a Paran\u00e1, Frigerio sostuvo: \u00abSomos una provincia fierrera y para los entrerrianos esto es importante. Ten\u00edamos todo que poner de nuestra parte para lograr que vuelva nuestra carrera a Paran\u00e1\u00bb.<\/p>\n\n\n\n<p>\u00abSin duda hay expectativa de mucha gente, por supuesto de Paran\u00e1 y de nuestra provincia, pero tambi\u00e9n de muchos amantes del Turismo Carretera de toda la Argentina que estaban esperando este momento y que nos van a acompa\u00f1ar seguramente este domingo\u00bb, remarc\u00f3.<\/p>\n\n\n\n<p>Por su parte, el corredor Mariano Werner dijo: \u00abParece mentira. En el mes de marzo me junt\u00e9 con el se\u00f1or gobernador, lo cual agradezco porque no se ha dado normalmente estas cuestiones. Dijo \u00b4quiero tener el TC en Paran\u00e1\u00b4. Parec\u00eda imposible, pero r\u00e1pidamente junto a la Comisi\u00f3n del Aut\u00f3dromo y muchas empresas, se lleg\u00f3 a este sue\u00f1o. La verdad que si no era este a\u00f1o, no s\u00e9 si iba a volver el Turismo Carretera\u00bb, acot\u00f3.<\/p>\n\n\n\n<p>\u00abPara m\u00ed es una felicidad. Tuve la chance de no s\u00f3lo de ser local, sino ganar mi primera carrera en Paran\u00e1. Pasaron pr\u00e1cticamente 15 a\u00f1os. Si vos me dec\u00eds cu\u00e1l ser\u00eda el sue\u00f1o, primero tener nuevamente el Turismo Carretera ac\u00e1 en Paran\u00e1, y despu\u00e9s ganar nuevamente como local\u00bb, manifest\u00f3.<\/p>\n\n\n\n<p>En ese marco, asegur\u00f3 que \u00abhay mucha expectativa y gente que est\u00e1 esperando previo al ingreso de los veh\u00edculos en el d\u00eda de ma\u00f1ana. La verdad es que Paran\u00e1 no pod\u00eda no tener fecha. Es un lugar divino y ojal\u00e1 que el clima, como se prev\u00e9, acompa\u00f1e y que sea una gran fiesta para para todos, que se lleven esa alegr\u00eda. El Turismo Carretera es familia, es sin\u00f3nimo de compartir entre la misma pe\u00f1a gente con distintas marcas. Eso es lo lindo y el respeto que tiene el deporte\u00bb, concluy\u00f3.<\/p>\n\n\n\n<p><\/p>\n\n\n\n<figure class=\"wp-block-embed is-type-video is-provider-youtube wp-block-embed-youtube wp-embed-aspect-16-9 wp-has-aspect-ratio\"><div class=\"wp-block-embed__wrapper\">\n<iframe loading=\"lazy\" title=\"Frigerio Despu\u00e9s de mucho tiempo, recuperamos el TC en Paran\u00e1\" width=\"640\" height=\"360\" src=\"https:\/\/www.youtube.com\/embed\/YRXDrGvT3G8?feature=oembed\" frameborder=\"0\" allow=\"accelerometer; autoplay; clipboard-write; encrypted-media; gyroscope; picture-in-picture; web-share\" referrerpolicy=\"strict-origin-when-cross-origin\" allowfullscreen><\/iframe>\n<\/div><\/figure>\n","protected":false},"excerpt":{"rendered":"<p>El gobernador Rogelio Frigerio recibi&oacute; al piloto Mariano Werner de cara a la competencia del Turismo Carretera que vuelve a Paran&aacute; este fin de semana. &laquo;Despu&eacute;s de mucho tiempo, recuperamos esta carrera. Ten&iacute;amos que poner todo de nuestra parte para lograrlo&raquo;, sostuvo el mandatario. El gobernador Frigerio se reuni&oacute; este jueves con el piloto entrerriano [&hellip;]<\/p>\n","protected":false},"author":2,"featured_media":7754,"comment_status":"open","ping_status":"open","sticky":false,"template":"","format":"standard","meta":{"footnotes":""},"categories":[4,176,8],"tags":[257,3465,265,245,3464],"class_list":["post-7753","post","type-post","status-publish","format-standard","has-post-thumbnail","hentry","category-deportes","category-politica","category-provinciales","tag-entre-rios","tag-mariano-werner","tag-parana","tag-rogelio-frigerio","tag-tc"],"_links":{"self":[{"href":"https:\/\/partediario.com.ar\/index.php?rest_route=\/wp\/v2\/posts\/7753","targetHints":{"allow":["GET"]}}],"collection":[{"href":"https:\/\/partediario.com.ar\/index.php?rest_route=\/wp\/v2\/posts"}],"about":[{"href":"https:\/\/partediario.com.ar\/index.php?rest_route=\/wp\/v2\/types\/post"}],"author":[{"embeddable":true,"href":"https:\/\/partediario.com.ar\/index.php?rest_route=\/wp\/v2\/users\/2"}],"replies":[{"embeddable":true,"href":"https:\/\/partediario.com.ar\/index.php?rest_route=%2Fwp%2Fv2%2Fcomments&post=7753"}],"version-history":[{"count":1,"href":"https:\/\/partediario.com.ar\/index.php?rest_route=\/wp\/v2\/posts\/7753\/revisions"}],"predecessor-version":[{"id":7755,"href":"https:\/\/partediario.com.ar\/index.php?rest_route=\/wp\/v2\/posts\/7753\/revisions\/7755"}],"wp:featuredmedia":[{"embeddable":true,"href":"https:\/\/partediario.com.ar\/index.php?rest_route=\/wp\/v2\/media\/7754"}],"wp:attachment":[{"href":"https:\/\/partediario.com.ar\/index.php?rest_route=%2Fwp%2Fv2%2Fmedia&parent=7753"}],"wp:term":[{"taxonomy":"category","embeddable":true,"href":"https:\/\/partediario.com.ar\/index.php?rest_route=%2Fwp%2Fv2%2Fcategories&post=7753"},{"taxonomy":"post_tag","embeddable":true,"href":"https:\/\/partediario.com.ar\/index.php?rest_route=%2Fwp%2Fv2%2Ftags&post=7753"}],"curies":[{"name":"wp","href":"https:\/\/api.w.org\/{rel}","templated":true}]}}