{"id":7756,"date":"2024-09-26T15:21:29","date_gmt":"2024-09-26T18:21:29","guid":{"rendered":"https:\/\/partediario.com.ar\/?p=7756"},"modified":"2024-09-28T11:23:12","modified_gmt":"2024-09-28T14:23:12","slug":"el-gobernador-de-la-provincia-de-jujuy-reivindico-el-sacrificio-de-los-bomberos-en-plena-temporada-de-incendios","status":"publish","type":"post","link":"https:\/\/partediario.com.ar\/?p=7756","title":{"rendered":"El Gobernador de la Provincia de Jujuy reivindic\u00f3 el sacrificio de los bomberos en plena temporada de incendios"},"content":{"rendered":"\n<h3 class=\"wp-block-heading\">El gobernador Carlos Sadir, puso en valor el sacrificio de brigadistas, bomberos y actores del sistema de emergencias, empe\u00f1ados en combatir los focos de incendios que se registran en diversos puntos de la geograf\u00eda provincial, poniendo a resguardo la integridad de la biodiversidad, las \u00e1reas clave del aparato econ\u00f3mico local, la propiedad privada y la vida de los juje\u00f1os.<\/h3>\n\n\n\n<p>En este sentido, tambi\u00e9n enalteci\u00f3 el encomiable trabajo coordinado de las distintas unidades que intervienen en los operativos contra incendios, resaltando la vocaci\u00f3n de servicio y el esp\u00edritu abnegado de los mismos.<\/p>\n\n\n\n<p><\/p>\n\n\n\n<blockquote class=\"twitter-tweet\"><p lang=\"es\" dir=\"ltr\">Nuestros combatientes de incendios forestales, junto con los equipos de bomberos de la Polic\u00eda, y bomberos voluntarios de distintas localidades, lograron controlar todos los focos de incendios gracias a un arduo trabajo en conjunto. Esto evita todo riesgo de los ecosistemas\u2026 <a href=\"https:\/\/t.co\/KKbr4kbKkO\">pic.twitter.com\/KKbr4kbKkO<\/a><\/p>&mdash; Carlos Sadir (@carlossadirjuy) <a href=\"https:\/\/twitter.com\/carlossadirjuy\/status\/1838973928158487028?ref_src=twsrc%5Etfw\">September 25, 2024<\/a><\/blockquote> <script async src=\"https:\/\/platform.twitter.com\/widgets.js\" charset=\"utf-8\"><\/script>\n\n\n\n<p><\/p>\n\n\n\n<p>\u201cNuestros combatientes de incendios forestales, junto con los equipos de Bomberos de la Polic\u00eda y Bomberos Voluntarios de distintas localidades, lograron controlar todos los focos \u00edgneos, gracias a un arduo trabajo en conjunto\u201d, enfatiz\u00f3 el mandatario para luego remarcar que \u201cesto evita todo riesgo de los ecosistemas boscosos, las \u00e1reas productivas, la seguridad y salud de las personas\u201d.<\/p>\n\n\n\n<p>Asimismo, indic\u00f3 que \u201ctrabajamos intensamente en la prevenci\u00f3n y lucha contra los incendios forestales, en un contexto nacional y global muy delicado y cr\u00edtico\u201d y advirti\u00f3 que \u201clamentablemente el fuego arrasa con los bosques, la biodiversidad y las econom\u00edas locales\u201d.<\/p>\n\n\n\n<p>Por otra parte, se\u00f1al\u00f3 que en lo que va de la temporada se registraron 375 incendios de vegetaci\u00f3n, los cuales fueron sofocados, merced a la labor de \u201clas 5 bases operativas y nuestros 90 brigadistas que protegen los bosques y la biodiversidad de Jujuy\u201d. Finalmente, Sadir exhort\u00f3 al conjunto de los juje\u00f1os a \u201cevitar el encendido de fuegos\u201d, en atenci\u00f3n al riesgo extremo que los mismos representan.<\/p>\n","protected":false},"excerpt":{"rendered":"<p>El gobernador Carlos Sadir, puso en valor el sacrificio de brigadistas, bomberos y actores del sistema de emergencias, empe&ntilde;ados en combatir los focos de incendios que se registran en diversos puntos de la geograf&iacute;a provincial, poniendo a resguardo la integridad de la biodiversidad, las &aacute;reas clave del aparato econ&oacute;mico local, la propiedad privada y la [&hellip;]<\/p>\n","protected":false},"author":2,"featured_media":7757,"comment_status":"open","ping_status":"open","sticky":false,"template":"","format":"standard","meta":{"footnotes":""},"categories":[8,726],"tags":[460,2530,2998,753],"class_list":["post-7756","post","type-post","status-publish","format-standard","has-post-thumbnail","hentry","category-provinciales","category-sociedad","tag-bomberos","tag-carlos-sadir","tag-incendios","tag-jujuy"],"_links":{"self":[{"href":"https:\/\/partediario.com.ar\/index.php?rest_route=\/wp\/v2\/posts\/7756","targetHints":{"allow":["GET"]}}],"collection":[{"href":"https:\/\/partediario.com.ar\/index.php?rest_route=\/wp\/v2\/posts"}],"about":[{"href":"https:\/\/partediario.com.ar\/index.php?rest_route=\/wp\/v2\/types\/post"}],"author":[{"embeddable":true,"href":"https:\/\/partediario.com.ar\/index.php?rest_route=\/wp\/v2\/users\/2"}],"replies":[{"embeddable":true,"href":"https:\/\/partediario.com.ar\/index.php?rest_route=%2Fwp%2Fv2%2Fcomments&post=7756"}],"version-history":[{"count":1,"href":"https:\/\/partediario.com.ar\/index.php?rest_route=\/wp\/v2\/posts\/7756\/revisions"}],"predecessor-version":[{"id":7758,"href":"https:\/\/partediario.com.ar\/index.php?rest_route=\/wp\/v2\/posts\/7756\/revisions\/7758"}],"wp:featuredmedia":[{"embeddable":true,"href":"https:\/\/partediario.com.ar\/index.php?rest_route=\/wp\/v2\/media\/7757"}],"wp:attachment":[{"href":"https:\/\/partediario.com.ar\/index.php?rest_route=%2Fwp%2Fv2%2Fmedia&parent=7756"}],"wp:term":[{"taxonomy":"category","embeddable":true,"href":"https:\/\/partediario.com.ar\/index.php?rest_route=%2Fwp%2Fv2%2Fcategories&post=7756"},{"taxonomy":"post_tag","embeddable":true,"href":"https:\/\/partediario.com.ar\/index.php?rest_route=%2Fwp%2Fv2%2Ftags&post=7756"}],"curies":[{"name":"wp","href":"https:\/\/api.w.org\/{rel}","templated":true}]}}