{"id":7760,"date":"2024-09-26T15:37:18","date_gmt":"2024-09-26T18:37:18","guid":{"rendered":"https:\/\/partediario.com.ar\/?p=7760"},"modified":"2024-09-26T15:37:19","modified_gmt":"2024-09-26T18:37:19","slug":"la-municipalidad-de-santa-elena-aporta-para-el-cuerpo-de-bomberos-voluntarios","status":"publish","type":"post","link":"https:\/\/partediario.com.ar\/?p=7760","title":{"rendered":"La Municipalidad de Santa Elena aporta para el cuerpo de Bomberos Voluntarios"},"content":{"rendered":"\n<h3 class=\"wp-block-heading\">Mediante los decretos n\u00b0 287 y 288, el Intendente Daniel Rossi realiz\u00f3 una entrega de aportes econ\u00f3micos para la Asociaci\u00f3n de Bomberos Voluntarios y de los integrantes del cuerpo.<\/h3>\n\n\n\n<p>Mediante los decretos n\u00b0 287 y 288, el Intendente Daniel Rossi realiz\u00f3 una entrega de $1.000.000 (pesos un mill\u00f3n) y $650.000 (pesos seiscientos cincuenta mil) destinados, el primero, a la Asociaci\u00f3n de Bomberos Voluntarios y el segundo, a dividirse en partes iguales para cada integrante del cuerpo considerando su labor indispensable para nuestra comunidad.<\/p>\n\n\n\n<p><\/p>\n\n\n\n<figure class=\"wp-block-image size-large\"><img loading=\"lazy\" decoding=\"async\" width=\"1024\" height=\"998\" src=\"https:\/\/partediario.com.ar\/wp-content\/uploads\/461280713_941043058067450_948030751664399183_n-1024x998.jpg\" alt=\"\" class=\"wp-image-7761\" srcset=\"https:\/\/partediario.com.ar\/wp-content\/uploads\/461280713_941043058067450_948030751664399183_n-1024x998.jpg 1024w, https:\/\/partediario.com.ar\/wp-content\/uploads\/461280713_941043058067450_948030751664399183_n-300x292.jpg 300w, https:\/\/partediario.com.ar\/wp-content\/uploads\/461280713_941043058067450_948030751664399183_n-768x749.jpg 768w, https:\/\/partediario.com.ar\/wp-content\/uploads\/461280713_941043058067450_948030751664399183_n.jpg 1517w\" sizes=\"auto, (max-width: 1024px) 100vw, 1024px\" \/><\/figure>\n\n\n\n<p><\/p>\n\n\n\n<figure class=\"wp-block-image size-large\"><img loading=\"lazy\" decoding=\"async\" width=\"1024\" height=\"965\" src=\"https:\/\/partediario.com.ar\/wp-content\/uploads\/461418981_941042921400797_2388363896212060476_n-1024x965.jpg\" alt=\"\" class=\"wp-image-7762\" srcset=\"https:\/\/partediario.com.ar\/wp-content\/uploads\/461418981_941042921400797_2388363896212060476_n-1024x965.jpg 1024w, https:\/\/partediario.com.ar\/wp-content\/uploads\/461418981_941042921400797_2388363896212060476_n-300x283.jpg 300w, https:\/\/partediario.com.ar\/wp-content\/uploads\/461418981_941042921400797_2388363896212060476_n-768x724.jpg 768w, https:\/\/partediario.com.ar\/wp-content\/uploads\/461418981_941042921400797_2388363896212060476_n.jpg 1519w\" sizes=\"auto, (max-width: 1024px) 100vw, 1024px\" \/><\/figure>\n\n\n\n<p><\/p>\n\n\n\n<p>Junto al Jefe Comunal, particip\u00f3 de la entrega la Senadora Departamental Patricia D\u00edaz.<\/p>\n","protected":false},"excerpt":{"rendered":"<p>Mediante los decretos n&deg; 287 y 288, el Intendente Daniel Rossi realiz&oacute; una entrega de aportes econ&oacute;micos para la Asociaci&oacute;n de Bomberos Voluntarios y de los integrantes del cuerpo. Mediante los decretos n&deg; 287 y 288, el Intendente Daniel Rossi realiz&oacute; una entrega de $1.000.000 (pesos un mill&oacute;n) y $650.000 (pesos seiscientos cincuenta mil) destinados, [&hellip;]<\/p>\n","protected":false},"author":2,"featured_media":7763,"comment_status":"open","ping_status":"open","sticky":false,"template":"","format":"standard","meta":{"footnotes":""},"categories":[3272],"tags":[3466,460,1327,207],"class_list":["post-7760","post","type-post","status-publish","format-standard","has-post-thumbnail","hentry","category-municipales","tag-aporte","tag-bomberos","tag-patricia-diaz","tag-santa-elena"],"_links":{"self":[{"href":"https:\/\/partediario.com.ar\/index.php?rest_route=\/wp\/v2\/posts\/7760","targetHints":{"allow":["GET"]}}],"collection":[{"href":"https:\/\/partediario.com.ar\/index.php?rest_route=\/wp\/v2\/posts"}],"about":[{"href":"https:\/\/partediario.com.ar\/index.php?rest_route=\/wp\/v2\/types\/post"}],"author":[{"embeddable":true,"href":"https:\/\/partediario.com.ar\/index.php?rest_route=\/wp\/v2\/users\/2"}],"replies":[{"embeddable":true,"href":"https:\/\/partediario.com.ar\/index.php?rest_route=%2Fwp%2Fv2%2Fcomments&post=7760"}],"version-history":[{"count":1,"href":"https:\/\/partediario.com.ar\/index.php?rest_route=\/wp\/v2\/posts\/7760\/revisions"}],"predecessor-version":[{"id":7764,"href":"https:\/\/partediario.com.ar\/index.php?rest_route=\/wp\/v2\/posts\/7760\/revisions\/7764"}],"wp:featuredmedia":[{"embeddable":true,"href":"https:\/\/partediario.com.ar\/index.php?rest_route=\/wp\/v2\/media\/7763"}],"wp:attachment":[{"href":"https:\/\/partediario.com.ar\/index.php?rest_route=%2Fwp%2Fv2%2Fmedia&parent=7760"}],"wp:term":[{"taxonomy":"category","embeddable":true,"href":"https:\/\/partediario.com.ar\/index.php?rest_route=%2Fwp%2Fv2%2Fcategories&post=7760"},{"taxonomy":"post_tag","embeddable":true,"href":"https:\/\/partediario.com.ar\/index.php?rest_route=%2Fwp%2Fv2%2Ftags&post=7760"}],"curies":[{"name":"wp","href":"https:\/\/api.w.org\/{rel}","templated":true}]}}