{"id":7765,"date":"2024-09-26T19:35:05","date_gmt":"2024-09-26T22:35:05","guid":{"rendered":"https:\/\/partediario.com.ar\/?p=7765"},"modified":"2024-09-28T11:23:08","modified_gmt":"2024-09-28T14:23:08","slug":"fuerte-aumento-de-la-pobreza-se-disparo-al-529-en-el-primer-semestre-del-ano","status":"publish","type":"post","link":"https:\/\/partediario.com.ar\/?p=7765","title":{"rendered":"Fuerte aumento de la pobreza: se dispar\u00f3 al 52,9% en el primer semestre del a\u00f1o"},"content":{"rendered":"\n<h3 class=\"wp-block-heading\">La pobreza creci\u00f3 cerca de 12 puntos en el primer semestre del a\u00f1o, de acuerdo al Indec. La indigencia tambi\u00e9n mostr\u00f3 un fuerte incremento.<\/h3>\n\n\n\n<p>La pobreza salt\u00f3 del 40,1% al 52,9% en el primer semestre de 2024 frente al mismo per\u00edodo del a\u00f1o previo, mientras que la indigencia subi\u00f3 del 9,3% al 18,1%, seg\u00fan dio a conocer este jueves por la tarde el Instituto Nacional de Estad\u00edstica y Censos (INDEC). De este modo, mostraron un alza de 12,8 y 8,8 puntos porcentuales (p.p.), respectivamente.<\/p>\n\n\n\n<p>Las estad\u00edsticas oficiales del segundo semestre de 2023 marcaron que el 41,7% de los argentinos tuvieron ingresos que no llegaron a cubrir la Canasta B\u00e1sica Total (CBT), que es la utilizada para determinar la l\u00ednea de pobreza. Adem\u00e1s, el 11,9% tampoco lleg\u00f3 a satisfacer la Canasta B\u00e1sica Alimentaria (CBA), umbral de la l\u00ednea de indigencia. Esto implic\u00f3 que, al cierre del a\u00f1o pasado, se registraron alrededor de 19,5 millones de pobres y 5,6 millones de indigentes.<\/p>\n\n\n\n<p>Se trata de los segundos peores indicadores desde que el INDEC reinici\u00f3 la serie en 2016, solo superados por los del segundo semestre de 2020, marcados a fuego por los efectos de la pandemia de Covid-19.<\/p>\n\n\n\n<p>En cuanto a los grupos de edad seg\u00fan condici\u00f3n de pobreza, se subray\u00f3 que m\u00e1s de la mitad de las personas de 0 a 14 a\u00f1os fueron pobres, mientras que, a nivel regional, las mayores incidencias de la pobreza en personas se observaron en las regiones Noreste (NEA) y Noroeste (NOA).<\/p>\n","protected":false},"excerpt":{"rendered":"<p>La pobreza creci&oacute; cerca de 12 puntos en el primer semestre del a&ntilde;o, de acuerdo al Indec. La indigencia tambi&eacute;n mostr&oacute; un fuerte incremento. La pobreza salt&oacute; del 40,1% al 52,9% en el primer semestre de 2024 frente al mismo per&iacute;odo del a&ntilde;o previo, mientras que la indigencia subi&oacute; del 9,3% al 18,1%, seg&uacute;n dio [&hellip;]<\/p>\n","protected":false},"author":2,"featured_media":7766,"comment_status":"open","ping_status":"open","sticky":false,"template":"","format":"standard","meta":{"footnotes":""},"categories":[5,176],"tags":[411,622,320,722],"class_list":["post-7765","post","type-post","status-publish","format-standard","has-post-thumbnail","hentry","category-nacionales","category-politica","tag-argentina","tag-aumento","tag-indec","tag-pobreza"],"_links":{"self":[{"href":"https:\/\/partediario.com.ar\/index.php?rest_route=\/wp\/v2\/posts\/7765","targetHints":{"allow":["GET"]}}],"collection":[{"href":"https:\/\/partediario.com.ar\/index.php?rest_route=\/wp\/v2\/posts"}],"about":[{"href":"https:\/\/partediario.com.ar\/index.php?rest_route=\/wp\/v2\/types\/post"}],"author":[{"embeddable":true,"href":"https:\/\/partediario.com.ar\/index.php?rest_route=\/wp\/v2\/users\/2"}],"replies":[{"embeddable":true,"href":"https:\/\/partediario.com.ar\/index.php?rest_route=%2Fwp%2Fv2%2Fcomments&post=7765"}],"version-history":[{"count":1,"href":"https:\/\/partediario.com.ar\/index.php?rest_route=\/wp\/v2\/posts\/7765\/revisions"}],"predecessor-version":[{"id":7767,"href":"https:\/\/partediario.com.ar\/index.php?rest_route=\/wp\/v2\/posts\/7765\/revisions\/7767"}],"wp:featuredmedia":[{"embeddable":true,"href":"https:\/\/partediario.com.ar\/index.php?rest_route=\/wp\/v2\/media\/7766"}],"wp:attachment":[{"href":"https:\/\/partediario.com.ar\/index.php?rest_route=%2Fwp%2Fv2%2Fmedia&parent=7765"}],"wp:term":[{"taxonomy":"category","embeddable":true,"href":"https:\/\/partediario.com.ar\/index.php?rest_route=%2Fwp%2Fv2%2Fcategories&post=7765"},{"taxonomy":"post_tag","embeddable":true,"href":"https:\/\/partediario.com.ar\/index.php?rest_route=%2Fwp%2Fv2%2Ftags&post=7765"}],"curies":[{"name":"wp","href":"https:\/\/api.w.org\/{rel}","templated":true}]}}