{"id":7779,"date":"2024-09-27T09:49:06","date_gmt":"2024-09-27T12:49:06","guid":{"rendered":"https:\/\/partediario.com.ar\/?p=7779"},"modified":"2024-09-28T11:22:55","modified_gmt":"2024-09-28T14:22:55","slug":"otra-baja-en-el-gabinete-de-milei-renuncio-mario-russo-ministro-de-salud-de-la-nacion","status":"publish","type":"post","link":"https:\/\/partediario.com.ar\/?p=7779","title":{"rendered":"Otra baja en el gabinete de Milei: renunci\u00f3 Mario Russo, ministro de Salud de la Naci\u00f3n"},"content":{"rendered":"\n<h3 class=\"wp-block-heading\">El doctor Mario Lugones asumir\u00e1 como nuevo Ministro de Salud de la Naci\u00f3n en reemplazo de Mario Russo. La salida ser\u00eda por diferencias con con la gesti\u00f3n de Javier Milei.<\/h3>\n\n\n\n<p>Anoche, tras confirmarse la salida de Russo, el Gobierno adelant\u00f3 que Lugones asumir\u00e1 en su lugar como titular de la cartera sanitaria. Seg\u00fan informaron, el futuro ministro aportar\u00e1 \u201csu extensa experiencia en el \u00e1mbito de la salud, habiendo estado a cargo del Sanatorio G\u00fcemes.<\/p>\n\n\n\n<p>El futuro ministro cuenta en su historial el haber sido fundador y presidente de la Fundaci\u00f3n G\u00fcemes, enfocada en la docencia m\u00e9dica y la investigaci\u00f3n cl\u00ednica.<\/p>\n\n\n\n<p>\u201cA lo largo de su carrera, fue jefe de cl\u00ednica de la Unidad Coronaria del Sanatorio G\u00fcemes, adem\u00e1s de m\u00e9dico cardi\u00f3logo de Praxis M\u00e9dica, de la Fundaci\u00f3n Favaloro, del Sanatorio Malvinas, entre otros\u201d, se\u00f1alaron en un comunicado de la Oficina del Presidente.<\/p>\n\n\n\n<p>El ingreso al gobierno de Lugones se da en medio de la salida del ministro de Salud de la Naci\u00f3n, Mario Russo, quien present\u00f3 la renuncia a su cargo esta noche, en lo que es una nueva salida de un funcionario de la estructura del gobierno de Javier Milei. Su gesti\u00f3n estuvo cruzada por cuestionamientos sobre el manejo del brote de dengue y denuncias por recortes a los medicamentos oncol\u00f3gicos, entre otros temas.<\/p>\n","protected":false},"excerpt":{"rendered":"<p>El doctor Mario Lugones asumir&aacute; como nuevo Ministro de Salud de la Naci&oacute;n en reemplazo de Mario Russo. La salida ser&iacute;a por diferencias con con la gesti&oacute;n de Javier Milei. Anoche, tras confirmarse la salida de Russo, el Gobierno adelant&oacute; que Lugones asumir&aacute; en su lugar como titular de la cartera sanitaria. Seg&uacute;n informaron, el [&hellip;]<\/p>\n","protected":false},"author":2,"featured_media":7780,"comment_status":"open","ping_status":"open","sticky":false,"template":"","format":"standard","meta":{"footnotes":""},"categories":[5,176],"tags":[3473,3471,3472,378],"class_list":["post-7779","post","type-post","status-publish","format-standard","has-post-thumbnail","hentry","category-nacionales","category-politica","tag-mario-lugones","tag-mario-ruso","tag-ministerio-de-salud-de-la-nacion","tag-renuncia"],"_links":{"self":[{"href":"https:\/\/partediario.com.ar\/index.php?rest_route=\/wp\/v2\/posts\/7779","targetHints":{"allow":["GET"]}}],"collection":[{"href":"https:\/\/partediario.com.ar\/index.php?rest_route=\/wp\/v2\/posts"}],"about":[{"href":"https:\/\/partediario.com.ar\/index.php?rest_route=\/wp\/v2\/types\/post"}],"author":[{"embeddable":true,"href":"https:\/\/partediario.com.ar\/index.php?rest_route=\/wp\/v2\/users\/2"}],"replies":[{"embeddable":true,"href":"https:\/\/partediario.com.ar\/index.php?rest_route=%2Fwp%2Fv2%2Fcomments&post=7779"}],"version-history":[{"count":1,"href":"https:\/\/partediario.com.ar\/index.php?rest_route=\/wp\/v2\/posts\/7779\/revisions"}],"predecessor-version":[{"id":7781,"href":"https:\/\/partediario.com.ar\/index.php?rest_route=\/wp\/v2\/posts\/7779\/revisions\/7781"}],"wp:featuredmedia":[{"embeddable":true,"href":"https:\/\/partediario.com.ar\/index.php?rest_route=\/wp\/v2\/media\/7780"}],"wp:attachment":[{"href":"https:\/\/partediario.com.ar\/index.php?rest_route=%2Fwp%2Fv2%2Fmedia&parent=7779"}],"wp:term":[{"taxonomy":"category","embeddable":true,"href":"https:\/\/partediario.com.ar\/index.php?rest_route=%2Fwp%2Fv2%2Fcategories&post=7779"},{"taxonomy":"post_tag","embeddable":true,"href":"https:\/\/partediario.com.ar\/index.php?rest_route=%2Fwp%2Fv2%2Ftags&post=7779"}],"curies":[{"name":"wp","href":"https:\/\/api.w.org\/{rel}","templated":true}]}}