{"id":7788,"date":"2024-09-27T11:49:53","date_gmt":"2024-09-27T14:49:53","guid":{"rendered":"https:\/\/partediario.com.ar\/?p=7788"},"modified":"2024-09-28T11:22:45","modified_gmt":"2024-09-28T14:22:45","slug":"se-filtraron-audios-de-elba-marcovecchio-criticando-a-barbara-y-a-lola-lanata","status":"publish","type":"post","link":"https:\/\/partediario.com.ar\/?p=7788","title":{"rendered":"Se filtraron audios de Elba Marcovecchio criticando a B\u00e1rbara y a Lola Lanata"},"content":{"rendered":"\n<h3 class=\"wp-block-heading\">Mientras Jorge Lanata contin\u00faa con su rehabilitaci\u00f3n en la Cl\u00ednica Santa Catalina, escala el conflicto entre su familia. En las \u00faltimas horas, Lola y B\u00e1rbara Lanata, las hijas del conductor, apuntaron contra Elba Marcovecchio, su actual mujer.<\/h3>\n\n\n\n<p>En el escrito, la abogada fue acusada de \u201cperjudicar la salud de su padre\u201d y \u201churtar elementos de gran valor\u201d. En las \u00faltimas horas, las hijas del periodista difundieron videos y audios que complican a la actual esposa de Jorge Lanata.<\/p>\n\n\n\n<p>Los audios donde la abogada apunta contra Lola y B\u00e1rbara fueron grabados por Facundo Casanova, el chofer y asistente personal del periodista.<\/p>\n\n\n\n<p>\u201cSara postea mientras est\u00e1 pasando esto un elefante que mata a sus cr\u00edas, el elefante que se come a una boa\u2026 vos sab\u00e9s que la boa soy yo. Jorge se levanta y las cag\u2026 a trompadas por berretas, por conventillo. Yo no soy part\u00edcipe de ese conventillo, yo no salgo a hablar, \u00bfme entend\u00e9s lo que te digo? Yo no salgo a hablar\u201d, expresaba Elba en el audio.<\/p>\n\n\n\n<p>\u201cSe va a armar un quilombo de la p\u2026 madre en el cual va a haber dos bandos que van a ser ellas y voy a ser yo del otro lado. Porque es as\u00ed, de la cual yo a mi gente la cuido toda. La neutralidad la entiendo\u201d, dijo.<\/p>\n\n\n\n<p>Noticia en desarrollo.<\/p>\n","protected":false},"excerpt":{"rendered":"<p>Mientras Jorge Lanata contin&uacute;a con su rehabilitaci&oacute;n en la Cl&iacute;nica Santa Catalina, escala el conflicto entre su familia. En las &uacute;ltimas horas, Lola y B&aacute;rbara Lanata, las hijas del conductor, apuntaron contra Elba Marcovecchio, su actual mujer. En el escrito, la abogada fue acusada de &ldquo;perjudicar la salud de su padre&rdquo; y &ldquo;hurtar elementos de [&hellip;]<\/p>\n","protected":false},"author":2,"featured_media":7789,"comment_status":"open","ping_status":"open","sticky":false,"template":"","format":"standard","meta":{"footnotes":""},"categories":[5,726],"tags":[2183,3484,3483,3481,541,3485],"class_list":["post-7788","post","type-post","status-publish","format-standard","has-post-thumbnail","hentry","category-nacionales","category-sociedad","tag-audios","tag-barbara","tag-elba-marcovecchio","tag-hijas","tag-jorge-lanata","tag-lola"],"_links":{"self":[{"href":"https:\/\/partediario.com.ar\/index.php?rest_route=\/wp\/v2\/posts\/7788","targetHints":{"allow":["GET"]}}],"collection":[{"href":"https:\/\/partediario.com.ar\/index.php?rest_route=\/wp\/v2\/posts"}],"about":[{"href":"https:\/\/partediario.com.ar\/index.php?rest_route=\/wp\/v2\/types\/post"}],"author":[{"embeddable":true,"href":"https:\/\/partediario.com.ar\/index.php?rest_route=\/wp\/v2\/users\/2"}],"replies":[{"embeddable":true,"href":"https:\/\/partediario.com.ar\/index.php?rest_route=%2Fwp%2Fv2%2Fcomments&post=7788"}],"version-history":[{"count":1,"href":"https:\/\/partediario.com.ar\/index.php?rest_route=\/wp\/v2\/posts\/7788\/revisions"}],"predecessor-version":[{"id":7790,"href":"https:\/\/partediario.com.ar\/index.php?rest_route=\/wp\/v2\/posts\/7788\/revisions\/7790"}],"wp:featuredmedia":[{"embeddable":true,"href":"https:\/\/partediario.com.ar\/index.php?rest_route=\/wp\/v2\/media\/7789"}],"wp:attachment":[{"href":"https:\/\/partediario.com.ar\/index.php?rest_route=%2Fwp%2Fv2%2Fmedia&parent=7788"}],"wp:term":[{"taxonomy":"category","embeddable":true,"href":"https:\/\/partediario.com.ar\/index.php?rest_route=%2Fwp%2Fv2%2Fcategories&post=7788"},{"taxonomy":"post_tag","embeddable":true,"href":"https:\/\/partediario.com.ar\/index.php?rest_route=%2Fwp%2Fv2%2Ftags&post=7788"}],"curies":[{"name":"wp","href":"https:\/\/api.w.org\/{rel}","templated":true}]}}