{"id":7811,"date":"2024-09-27T14:05:40","date_gmt":"2024-09-27T17:05:40","guid":{"rendered":"https:\/\/partediario.com.ar\/?p=7811"},"modified":"2024-09-27T14:05:40","modified_gmt":"2024-09-27T17:05:40","slug":"sadir-inauguro-oficina-del-registro-civil-en-alto-comedero","status":"publish","type":"post","link":"https:\/\/partediario.com.ar\/?p=7811","title":{"rendered":"Sadir inaugur\u00f3 oficina del Registro Civil en Alto Comedero"},"content":{"rendered":"\n<h3 class=\"wp-block-heading\">El Gobierno de la Provincia de Jujuy habilit\u00f3 un nuevo espacio de servicios registrales en un punto estrat\u00e9gico del barrio Alto Comedero, que permitir\u00e1 realizar gestiones esenciales como renovar el DNI y solicitar la partida de nacimiento, entre otros.<\/h3>\n\n\n\n<p>Encabez\u00f3 la ceremonia el gobernador Carlos Sadir, quien estuvo acompa\u00f1ado por el intendente de San Salvador, Ra\u00fal Jorge; el ministro de Gobierno, Justicia, Derechos Humanos y Trabajo, Normando \u00c1lvarez Garc\u00eda; el director del Registro Civil, Octavio Rivas; y el presidente del Concejo Deliberante capitalino, Lisandro Aguiar.<\/p>\n\n\n\n<p>Adem\u00e1s, acompa\u00f1aron diputados provinciales, funcionarios del Poder Ejecutivo, concejales y autoridades municipales.<\/p>\n\n\n\n<p>A partir del trabajo articulado entre \u00e1reas provinciales y municipales, en la jornada se dej\u00f3 inaugurada una dependencia del Registro Civil ubicada en avenida Forestal, frente al hospital Snopek.<\/p>\n\n\n\n<p><\/p>\n\n\n\n<figure class=\"wp-block-image size-large\"><img loading=\"lazy\" decoding=\"async\" width=\"1024\" height=\"683\" src=\"https:\/\/partediario.com.ar\/wp-content\/uploads\/sadir-inauguro-oficina-del-registro-civil-alto-comedero-1024x683.jpeg\" alt=\"\" class=\"wp-image-7812\" srcset=\"https:\/\/partediario.com.ar\/wp-content\/uploads\/sadir-inauguro-oficina-del-registro-civil-alto-comedero-1024x683.jpeg 1024w, https:\/\/partediario.com.ar\/wp-content\/uploads\/sadir-inauguro-oficina-del-registro-civil-alto-comedero-300x200.jpeg 300w, https:\/\/partediario.com.ar\/wp-content\/uploads\/sadir-inauguro-oficina-del-registro-civil-alto-comedero-768x512.jpeg 768w, https:\/\/partediario.com.ar\/wp-content\/uploads\/sadir-inauguro-oficina-del-registro-civil-alto-comedero.jpeg 1200w\" sizes=\"auto, (max-width: 1024px) 100vw, 1024px\" \/><\/figure>\n\n\n\n<p><\/p>\n\n\n\n<p>El primer mandatario sostuvo que \u201choy los vecinos de Alto Comedero tienen la posibilidad de realizar tr\u00e1mites r\u00e1pidos que dependen del Registro Civil. Como aquellas madres que vienen a la maternidad del hospital que est\u00e1 al frente y podr\u00e1n inscribir a sus hijos, obtener partida de nacimiento o solicitar el DNI\u201d. Continuando, Sadir ponder\u00f3 la modernizaci\u00f3n de los tr\u00e1mites estatales que permite acceder de manera r\u00e1pida a diversos documentos, reducir los costos y abreviar los tiempos de respuesta. \u201cAqu\u00ed tambi\u00e9n tienen una central de atenci\u00f3n autom\u00e1tica que permite facilitar la vida de la gente y de manera online le damos respuesta r\u00e1pida\u201d, puntualiz\u00f3.<\/p>\n\n\n\n<p>Por su parte, Rivas indic\u00f3 que \u201choy se concreta un sue\u00f1o compartido entre el Gobierno de la Provincia y el municipio\u201d, y resalt\u00f3 que \u201cya venimos concretando varios operativos\u201d. En este sentido, indic\u00f3 que \u201cel a\u00f1o pasado hicimos 100 mil documentos y 85 operativos de documentaci\u00f3n, cada vez que est\u00e1bamos en este poblado barrio nos pas\u00f3 que quedaba gente sin n\u00fameros\u201d, y agreg\u00f3 que por esta raz\u00f3n \u201cnuestras autoridades congeniaron para poder lograr que ahora si los vecinos de Alto Comedero cuenten con su Centro de Documentaci\u00f3n\u201d.<\/p>\n\n\n\n<p>Asimismo, sostuvo que el espacio moderno ubicado frente al hospital Snopek \u201cpermite que ciudadanos del barrio no se trasladen, evitar largar filas esperando por concretar un tr\u00e1mite esencial\u201d. \u201cEsto es posible, porque todos empujamos el carro en la misma direcci\u00f3n y trabajamos para la gente\u201d, concluy\u00f3.<\/p>\n\n\n\n<p><\/p>\n\n\n\n<figure class=\"wp-block-embed is-type-video is-provider-youtube wp-block-embed-youtube wp-embed-aspect-16-9 wp-has-aspect-ratio\"><div class=\"wp-block-embed__wrapper\">\n<iframe loading=\"lazy\" title=\"ALTO COMEDERO: SADIR INAUGUR\u00d3 NUEVA OFICINA DEL REGISTRO CIVIL\" width=\"640\" height=\"360\" src=\"https:\/\/www.youtube.com\/embed\/XUrcSXnsJXQ?feature=oembed\" frameborder=\"0\" allow=\"accelerometer; autoplay; clipboard-write; encrypted-media; gyroscope; picture-in-picture; web-share\" referrerpolicy=\"strict-origin-when-cross-origin\" allowfullscreen><\/iframe>\n<\/div><\/figure>\n","protected":false},"excerpt":{"rendered":"<p>El Gobierno de la Provincia de Jujuy habilit&oacute; un nuevo espacio de servicios registrales en un punto estrat&eacute;gico del barrio Alto Comedero, que permitir&aacute; realizar gestiones esenciales como renovar el DNI y solicitar la partida de nacimiento, entre otros. Encabez&oacute; la ceremonia el gobernador Carlos Sadir, quien estuvo acompa&ntilde;ado por el intendente de San Salvador, [&hellip;]<\/p>\n","protected":false},"author":2,"featured_media":7813,"comment_status":"open","ping_status":"open","sticky":false,"template":"","format":"standard","meta":{"footnotes":""},"categories":[176,8],"tags":[3496,2530,1965,753,3500,3252,3499,3497,3495],"class_list":["post-7811","post","type-post","status-publish","format-standard","has-post-thumbnail","hentry","category-politica","category-provinciales","tag-alto-comedero","tag-carlos-sadir","tag-inauguracion","tag-jujuy","tag-lisandro-aguilar","tag-normando-alvarez-garcia","tag-octavio-rivas","tag-raul-jorge","tag-registro-civil"],"_links":{"self":[{"href":"https:\/\/partediario.com.ar\/index.php?rest_route=\/wp\/v2\/posts\/7811","targetHints":{"allow":["GET"]}}],"collection":[{"href":"https:\/\/partediario.com.ar\/index.php?rest_route=\/wp\/v2\/posts"}],"about":[{"href":"https:\/\/partediario.com.ar\/index.php?rest_route=\/wp\/v2\/types\/post"}],"author":[{"embeddable":true,"href":"https:\/\/partediario.com.ar\/index.php?rest_route=\/wp\/v2\/users\/2"}],"replies":[{"embeddable":true,"href":"https:\/\/partediario.com.ar\/index.php?rest_route=%2Fwp%2Fv2%2Fcomments&post=7811"}],"version-history":[{"count":1,"href":"https:\/\/partediario.com.ar\/index.php?rest_route=\/wp\/v2\/posts\/7811\/revisions"}],"predecessor-version":[{"id":7814,"href":"https:\/\/partediario.com.ar\/index.php?rest_route=\/wp\/v2\/posts\/7811\/revisions\/7814"}],"wp:featuredmedia":[{"embeddable":true,"href":"https:\/\/partediario.com.ar\/index.php?rest_route=\/wp\/v2\/media\/7813"}],"wp:attachment":[{"href":"https:\/\/partediario.com.ar\/index.php?rest_route=%2Fwp%2Fv2%2Fmedia&parent=7811"}],"wp:term":[{"taxonomy":"category","embeddable":true,"href":"https:\/\/partediario.com.ar\/index.php?rest_route=%2Fwp%2Fv2%2Fcategories&post=7811"},{"taxonomy":"post_tag","embeddable":true,"href":"https:\/\/partediario.com.ar\/index.php?rest_route=%2Fwp%2Fv2%2Ftags&post=7811"}],"curies":[{"name":"wp","href":"https:\/\/api.w.org\/{rel}","templated":true}]}}