{"id":7821,"date":"2024-09-28T11:21:46","date_gmt":"2024-09-28T14:21:46","guid":{"rendered":"https:\/\/partediario.com.ar\/?p=7821"},"modified":"2024-09-28T11:22:06","modified_gmt":"2024-09-28T14:22:06","slug":"la-fifa-suspendio-al-emiliano-martinez-por-dos-fechas-tras-el-partido-con-bolivia","status":"publish","type":"post","link":"https:\/\/partediario.com.ar\/?p=7821","title":{"rendered":"La FIFA suspendi\u00f3 al Emiliano Mart\u00ednez por dos fechas, tras el partido con Bolivia"},"content":{"rendered":"\n<h3 class=\"wp-block-heading\">Por el gesto que realiz\u00f3 con la Copa Am\u00e9rica luego del triunfo sobre Chile y el golpe a la c\u00e1mara en Colombia, el arquero estrella de la Albiceleste no estar\u00e1 en los duelos ante Venezuela y Bolivia.<\/h3>\n\n\n\n<p>La Selecci\u00f3n Argentina sufrir\u00e1 la baja de Emiliano \u201cDibu\u201d Mart\u00ednez para sus inminentes compromisos por Eliminatorias sudamericanas rumbo al Mundial 2026 ante Venezuela y Bolivia, al confirmarse la sanci\u00f3n por dos fechas por parte de la FIFA.<\/p>\n\n\n\n<p>En la pasada doble fecha de septiembre el arquero protagoniz\u00f3 dos momentos que lo pusieron en la mira de la FIFA y concluyeron en la suspensi\u00f3n por dos encuentros, su gesto con la Copa Am\u00e9rica tras la goleada a Chile y el golpe a un camar\u00f3grafo en Colombia pocos d\u00edas m\u00e1s tarde.<\/p>\n\n\n\n<p>Es ese gesto con el trofeo, el cual realiz\u00f3 adem\u00e1s luego de la edici\u00f3n 2021 y en reiteradas ocasiones tanto con la Copa del Mundo como el trofeo al mejor arquero de ese torneo, lo que no cay\u00f3 nada bien en el ente regulador del f\u00fatbol mundial y dispar\u00f3 el castigo. Situaci\u00f3n que solo empeor\u00f3 tras la pol\u00e9mica en el estadio Metropolitano de Barranquilla en su camino al vestuario luego de la controversial ca\u00edda por 2-1 ante el due\u00f1o de casa.<\/p>\n\n\n\n<p>\u201cDan el pitazo final y yo como camar\u00f3grafo operador de steady siempre voy a buscar reacciones. Simplemente entro a la cancha, busco reacciones. Veo al Dibu, lo veo salud\u00e1ndose con un arquero suplente creo, y me acerco a \u00e9l. Y de la nada el Dibu me tir\u00f3\u201d, expres\u00f3 el operario Jhonny Jackson, quien cay\u00f3 al suelo tras el golpe del arquero.<\/p>\n\n\n\n<p>\u201cMe dio rabia, mucha rabia, porque yo estoy trabajando, as\u00ed como \u00e9l lo estaba haciendo, \u00e9l atajando y yo operando mi c\u00e1mara, ni siquiera estaba jugando f\u00fatbol con \u00e9l. Pero no le dije nada\u201d, a\u00f1adi\u00f3. Incluso la Asociaci\u00f3n Colombiana de Periodistas Deportivos emiti\u00f3 un comunicado y le exigieron a \u201cuna sanci\u00f3n ejemplar\u201d a la FIFA, que finalmente resolvi\u00f3 suspenderlo por dos fechas.<\/p>\n\n\n\n<p>Los dos partidos en los cuales no podr\u00e1 jugar el arquero estrella de la Albiceleste<\/p>\n\n\n\n<p>La Selecci\u00f3n Argentina, que viene de caer por 2-1 con Colombia como visitante, chocar\u00e1 con Venezuela, en el Estadio Monumental de Matur\u00edn, el jueves 10 de octubre, por la fecha 9 de las Eliminatorias. Luego, recibir\u00e1 a Bolivia, el martes 15, en el Monumental de River.<\/p>\n\n\n\n<p>Las opciones que maneja Scaloni<br>Debido a las dos fechas que recibi\u00f3 el marplatense, el arco de la Selecci\u00f3n Argentina queda vacante para los juegos ante Venezuela y Bolivia, con m\u00faltiples candidatos emergiendo en pos de quedarse con el codiciado puesto del que parec\u00eda imposible desbancar a Mart\u00ednez.<\/p>\n\n\n\n<p>En la \u00faltima doble fecha, adem\u00e1s de Dibu fueron convocados Ger\u00f3nimo Rulli, Walter Ben\u00edtez y Juan Musso, por lo que todo indica que uno de esos tres nombres dir\u00e1 presente en el arco de la Albiceleste.<\/p>\n\n\n\n<p>El \u00faltimo en tener minutos fue Ben\u00edtez, en su estreno absoluto en el triunfo amistoso sobre Costa Rica en marzo de este a\u00f1o, pero Rulli form\u00f3 parte de casi todo el ciclo Scaloni aunque solo dijo presente en cuatro juegos, el \u00faltimo en septiembre de 2022 tambi\u00e9n en un amistoso aunque ante Honduras. Por el lado de Musso, la \u00faltima vez que jug\u00f3 un encuentro con la Selecci\u00f3n Argentina fue en septiembre del 2021, en una goleada 3-0 sobre Bolivia en la altura de La Paz.<\/p>\n","protected":false},"excerpt":{"rendered":"<p>Por el gesto que realiz&oacute; con la Copa Am&eacute;rica luego del triunfo sobre Chile y el golpe a la c&aacute;mara en Colombia, el arquero estrella de la Albiceleste no estar&aacute; en los duelos ante Venezuela y Bolivia. La Selecci&oacute;n Argentina sufrir&aacute; la baja de Emiliano &ldquo;Dibu&rdquo; Mart&iacute;nez para sus inminentes compromisos por Eliminatorias sudamericanas rumbo [&hellip;]<\/p>\n","protected":false},"author":2,"featured_media":7822,"comment_status":"open","ping_status":"open","sticky":false,"template":"","format":"standard","meta":{"footnotes":""},"categories":[4,3273,5],"tags":[3504,3503,740,730],"class_list":["post-7821","post","type-post","status-publish","format-standard","has-post-thumbnail","hentry","category-deportes","category-destacada","category-nacionales","tag-emiliano-martinez","tag-fifa","tag-seleccion","tag-suspension"],"_links":{"self":[{"href":"https:\/\/partediario.com.ar\/index.php?rest_route=\/wp\/v2\/posts\/7821","targetHints":{"allow":["GET"]}}],"collection":[{"href":"https:\/\/partediario.com.ar\/index.php?rest_route=\/wp\/v2\/posts"}],"about":[{"href":"https:\/\/partediario.com.ar\/index.php?rest_route=\/wp\/v2\/types\/post"}],"author":[{"embeddable":true,"href":"https:\/\/partediario.com.ar\/index.php?rest_route=\/wp\/v2\/users\/2"}],"replies":[{"embeddable":true,"href":"https:\/\/partediario.com.ar\/index.php?rest_route=%2Fwp%2Fv2%2Fcomments&post=7821"}],"version-history":[{"count":1,"href":"https:\/\/partediario.com.ar\/index.php?rest_route=\/wp\/v2\/posts\/7821\/revisions"}],"predecessor-version":[{"id":7823,"href":"https:\/\/partediario.com.ar\/index.php?rest_route=\/wp\/v2\/posts\/7821\/revisions\/7823"}],"wp:featuredmedia":[{"embeddable":true,"href":"https:\/\/partediario.com.ar\/index.php?rest_route=\/wp\/v2\/media\/7822"}],"wp:attachment":[{"href":"https:\/\/partediario.com.ar\/index.php?rest_route=%2Fwp%2Fv2%2Fmedia&parent=7821"}],"wp:term":[{"taxonomy":"category","embeddable":true,"href":"https:\/\/partediario.com.ar\/index.php?rest_route=%2Fwp%2Fv2%2Fcategories&post=7821"},{"taxonomy":"post_tag","embeddable":true,"href":"https:\/\/partediario.com.ar\/index.php?rest_route=%2Fwp%2Fv2%2Ftags&post=7821"}],"curies":[{"name":"wp","href":"https:\/\/api.w.org\/{rel}","templated":true}]}}