{"id":7828,"date":"2024-09-28T17:45:27","date_gmt":"2024-09-28T20:45:27","guid":{"rendered":"https:\/\/partediario.com.ar\/?p=7828"},"modified":"2024-09-29T12:08:49","modified_gmt":"2024-09-29T15:08:49","slug":"vamos-a-promover-la-actividad-aerea-privada-si-aerolineas-argentinas-no-se-adapta-va-a-desaparecer-senalo-francos","status":"publish","type":"post","link":"https:\/\/partediario.com.ar\/?p=7828","title":{"rendered":"\u00abVamos a promover la actividad a\u00e9rea privada, si Aerol\u00edneas Argentinas no se adapta, va a desaparecer\u00bb, se\u00f1al\u00f3 Francos"},"content":{"rendered":"\n<h3 class=\"wp-block-heading\">El jefe de Gabinete, Guillermo Francos, asegur\u00f3 hoy que el Gobierno nacional va a promover \u00abfuertemente\u00bb la actividad a\u00e9rea de empresas privadas y apunt\u00f3 que Aerol\u00edneas Argentinas \u00abva a desaparecer\u00bb si no se adapta a esa circunstancia.<\/h3>\n\n\n\n<p>\u00abNosotros vamos a promover fuertemente la actividad a\u00e9rea de empresas privadas que vengan a la Argentina a trabajar como se trabaja en el mundo aerocomercial\u00bb, asever\u00f3 Francos en declaraciones radiales.<\/p>\n\n\n\n<p>En esa l\u00ednea, el ministro coordinador remarc\u00f3: \u00abSi Aerol\u00edneas Argentinas no se adapta a eso, va a desaparecer, porque el Estado no va a poner m\u00e1s plata para mantenerla\u00bb.<\/p>\n\n\n\n<p>Adem\u00e1s, como otras voces oficialistas, el jefe de Gabinete se\u00f1al\u00f3 que si \u00ablos trabajadores de la empresa quieren hacerse cargo de Aerol\u00edneas, que se hagan cargo\u00bb y se \u00ablleven la compa\u00f1\u00eda\u00bb.<\/p>\n\n\n\n<p>\u00abEl Estado no va a pagar el d\u00e9ficit de Aerol\u00edneas\u00bb, destac\u00f3 Francos.<\/p>\n\n\n\n<p>Las declaraciones de Francos se dieron en medio de la tensi\u00f3n entre el Gobierno nacional y los sindicatos aeron\u00e1uticos por reclamos salariales, y luego que el presidente Javier Milei firmar\u00e1 un decreto para facilitar el proceso de privatizaci\u00f3n de la aerol\u00ednea de bandera.<\/p>\n","protected":false},"excerpt":{"rendered":"<p>El jefe de Gabinete, Guillermo Francos, asegur&oacute; hoy que el Gobierno nacional va a promover &laquo;fuertemente&raquo; la actividad a&eacute;rea de empresas privadas y apunt&oacute; que Aerol&iacute;neas Argentinas &laquo;va a desaparecer&raquo; si no se adapta a esa circunstancia. &laquo;Nosotros vamos a promover fuertemente la actividad a&eacute;rea de empresas privadas que vengan a la Argentina a trabajar [&hellip;]<\/p>\n","protected":false},"author":2,"featured_media":7829,"comment_status":"open","ping_status":"open","sticky":false,"template":"","format":"standard","meta":{"footnotes":""},"categories":[978,5,176],"tags":[962,329],"class_list":["post-7828","post","type-post","status-publish","format-standard","has-post-thumbnail","hentry","category-gremiales","category-nacionales","category-politica","tag-aerolineas-argentinas","tag-guillermo-francos"],"_links":{"self":[{"href":"https:\/\/partediario.com.ar\/index.php?rest_route=\/wp\/v2\/posts\/7828","targetHints":{"allow":["GET"]}}],"collection":[{"href":"https:\/\/partediario.com.ar\/index.php?rest_route=\/wp\/v2\/posts"}],"about":[{"href":"https:\/\/partediario.com.ar\/index.php?rest_route=\/wp\/v2\/types\/post"}],"author":[{"embeddable":true,"href":"https:\/\/partediario.com.ar\/index.php?rest_route=\/wp\/v2\/users\/2"}],"replies":[{"embeddable":true,"href":"https:\/\/partediario.com.ar\/index.php?rest_route=%2Fwp%2Fv2%2Fcomments&post=7828"}],"version-history":[{"count":1,"href":"https:\/\/partediario.com.ar\/index.php?rest_route=\/wp\/v2\/posts\/7828\/revisions"}],"predecessor-version":[{"id":7830,"href":"https:\/\/partediario.com.ar\/index.php?rest_route=\/wp\/v2\/posts\/7828\/revisions\/7830"}],"wp:featuredmedia":[{"embeddable":true,"href":"https:\/\/partediario.com.ar\/index.php?rest_route=\/wp\/v2\/media\/7829"}],"wp:attachment":[{"href":"https:\/\/partediario.com.ar\/index.php?rest_route=%2Fwp%2Fv2%2Fmedia&parent=7828"}],"wp:term":[{"taxonomy":"category","embeddable":true,"href":"https:\/\/partediario.com.ar\/index.php?rest_route=%2Fwp%2Fv2%2Fcategories&post=7828"},{"taxonomy":"post_tag","embeddable":true,"href":"https:\/\/partediario.com.ar\/index.php?rest_route=%2Fwp%2Fv2%2Ftags&post=7828"}],"curies":[{"name":"wp","href":"https:\/\/api.w.org\/{rel}","templated":true}]}}