{"id":7844,"date":"2024-09-28T22:20:22","date_gmt":"2024-09-29T01:20:22","guid":{"rendered":"https:\/\/partediario.com.ar\/?p=7844"},"modified":"2024-09-28T22:30:48","modified_gmt":"2024-09-29T01:30:48","slug":"parana-en-el-dia-de-la-fecha-se-realizo-en-la-escuela-hogar-la-entrega-de-documentos-a-residentes-bolivianos-en-la-ciudad","status":"publish","type":"post","link":"https:\/\/partediario.com.ar\/?p=7844","title":{"rendered":"Paran\u00e1: en el d\u00eda de la fecha se realiz\u00f3 en la Escuela Hogar la entrega de documentos a residentes bolivianos en la ciudad"},"content":{"rendered":"\n<h3 class=\"wp-block-heading\">Por pedido expreso a la Asociaci\u00f3n Civil J\u00f3venes con Futuro de la ciudad de Paran\u00e1, se llevaron a cabo diversos tr\u00e1mites relacionados al servicio de la documentaci\u00f3n, a ciudadanos bolivianos residentes en la ciudad de Paran\u00e1.<\/h3>\n\n\n\n<p>La Brigada M\u00f3vil del Consulado de Bolivia, este s\u00e1bado 28 de septiembre en la Escuela Hogar, procedi\u00f3 a entregar a 400 residentes bolivianos de la ciudad de Paran\u00e1, diversos tipo de tr\u00e1mites relacionados a documentaci\u00f3n, entre otros, la entrega de documentos argentinos a residentes extranjeros en la ciudad capital de la provincia.<\/p>\n\n\n\n<p>Por parte de la Asociaci\u00f3n Civil J\u00f3venes con Futuro, estuvo presente, su Presidente Jos\u00e9 Rosarigo junto a autoridades, tambi\u00e9n fueron parte de la entrega, autoridades de la Municipalidad de Paran\u00e1 y del Gobierno de la provincia.<\/p>\n\n\n\n<p><\/p>\n\n\n\n<figure class=\"wp-block-image size-full\"><img loading=\"lazy\" decoding=\"async\" width=\"800\" height=\"602\" src=\"https:\/\/partediario.com.ar\/wp-content\/uploads\/8fddde6d-f194-4efa-a9b7-96812a39fdb2.jpeg\" alt=\"\" class=\"wp-image-7845\" srcset=\"https:\/\/partediario.com.ar\/wp-content\/uploads\/8fddde6d-f194-4efa-a9b7-96812a39fdb2.jpeg 800w, https:\/\/partediario.com.ar\/wp-content\/uploads\/8fddde6d-f194-4efa-a9b7-96812a39fdb2-300x226.jpeg 300w, https:\/\/partediario.com.ar\/wp-content\/uploads\/8fddde6d-f194-4efa-a9b7-96812a39fdb2-768x578.jpeg 768w\" sizes=\"auto, (max-width: 800px) 100vw, 800px\" \/><\/figure>\n\n\n\n<p><\/p>\n\n\n\n<p>Consultado, sobre la actividad donde se entreg\u00f3 la documentaci\u00f3n requerida por el Consulado Boliviano, este se\u00f1al\u00f3 que la actividad demuestra una vez m\u00e1s la buena predisposici\u00f3n de las autoridades de nuestra ciudad y provincia para con ciudadanos extranjeros, que ante una necesidad recibieron pronta respuesta a sus necesidades.<\/p>\n\n\n\n<p>\u00abTenemos compa\u00f1eros en com\u00fan de Naci\u00f3n, hablamos con el consulado de Bolivia que necesitaba un espacio y armamos la nota pertinente para poder ayudar a nuestros hermanos bolivianos a obtener su residencia. Fuimos un nexo como asociaci\u00f3n civil\u00bb, precis\u00f3 Rosarigo.<\/p>\n\n\n\n<p>La vicec\u00f3nsul de Bolivia en Argentina, \u00c1mbar Aquino, presente en el acto, expres\u00f3 el valor de estas coordinaciones institucionales. \u201cPara nosotros es importante tener estas coordinaciones, ya que fortalecen las relaciones entre nuestras autoridades y los connacionales con las autoridades del lugar donde ellos est\u00e1n viviendo, cumpliendo as\u00ed las normativas vigentes. Estas movilizaciones a trav\u00e9s del programa de documentaci\u00f3n, impulsado por nuestro presidente, permiten que los consulados no solo esperen a las personas en las oficinas, sino que lleguen a ellas en los lugares donde residen\u201d, destac\u00f3.<\/p>\n\n\n\n<p><\/p>\n\n\n\n<figure class=\"wp-block-image size-full is-resized\"><img loading=\"lazy\" decoding=\"async\" width=\"800\" height=\"602\" src=\"https:\/\/partediario.com.ar\/wp-content\/uploads\/609f8178-2fd1-426c-888f-a6650071c706.jpeg\" alt=\"\" class=\"wp-image-7846\" style=\"width:840px;height:auto\" srcset=\"https:\/\/partediario.com.ar\/wp-content\/uploads\/609f8178-2fd1-426c-888f-a6650071c706.jpeg 800w, https:\/\/partediario.com.ar\/wp-content\/uploads\/609f8178-2fd1-426c-888f-a6650071c706-300x226.jpeg 300w, https:\/\/partediario.com.ar\/wp-content\/uploads\/609f8178-2fd1-426c-888f-a6650071c706-768x578.jpeg 768w\" sizes=\"auto, (max-width: 800px) 100vw, 800px\" \/><\/figure>\n\n\n\n<p><\/p>\n\n\n\n<p>Este tipo de iniciativas no solo refuerzan los lazos entre Argentina y Bolivia, sino que adem\u00e1s permiten a los ciudadanos bolivianos regularizar su situaci\u00f3n en el pa\u00eds, accediendo a los derechos y beneficios que ello conlleva, finaliz\u00f3.<\/p>\n","protected":false},"excerpt":{"rendered":"<p>Por pedido expreso a la Asociaci&oacute;n Civil J&oacute;venes con Futuro de la ciudad de Paran&aacute;, se llevaron a cabo diversos tr&aacute;mites relacionados al servicio de la documentaci&oacute;n, a ciudadanos bolivianos residentes en la ciudad de Paran&aacute;. La Brigada M&oacute;vil del Consulado de Bolivia, este s&aacute;bado 28 de septiembre en la Escuela Hogar, procedi&oacute; a entregar [&hellip;]<\/p>\n","protected":false},"author":2,"featured_media":7847,"comment_status":"open","ping_status":"open","sticky":false,"template":"","format":"standard","meta":{"footnotes":""},"categories":[6,3272],"tags":[3513,3512,3510,414,1365,3514,265,3511],"class_list":["post-7844","post","type-post","status-publish","format-standard","has-post-thumbnail","hentry","category-locales","category-municipales","tag-asociacion-civil-jovenes-con-futuro","tag-bolvianos","tag-documentacion","tag-entrega","tag-escuela-hogar","tag-jose-rosarigo","tag-parana","tag-residentes"],"_links":{"self":[{"href":"https:\/\/partediario.com.ar\/index.php?rest_route=\/wp\/v2\/posts\/7844","targetHints":{"allow":["GET"]}}],"collection":[{"href":"https:\/\/partediario.com.ar\/index.php?rest_route=\/wp\/v2\/posts"}],"about":[{"href":"https:\/\/partediario.com.ar\/index.php?rest_route=\/wp\/v2\/types\/post"}],"author":[{"embeddable":true,"href":"https:\/\/partediario.com.ar\/index.php?rest_route=\/wp\/v2\/users\/2"}],"replies":[{"embeddable":true,"href":"https:\/\/partediario.com.ar\/index.php?rest_route=%2Fwp%2Fv2%2Fcomments&post=7844"}],"version-history":[{"count":2,"href":"https:\/\/partediario.com.ar\/index.php?rest_route=\/wp\/v2\/posts\/7844\/revisions"}],"predecessor-version":[{"id":7850,"href":"https:\/\/partediario.com.ar\/index.php?rest_route=\/wp\/v2\/posts\/7844\/revisions\/7850"}],"wp:featuredmedia":[{"embeddable":true,"href":"https:\/\/partediario.com.ar\/index.php?rest_route=\/wp\/v2\/media\/7847"}],"wp:attachment":[{"href":"https:\/\/partediario.com.ar\/index.php?rest_route=%2Fwp%2Fv2%2Fmedia&parent=7844"}],"wp:term":[{"taxonomy":"category","embeddable":true,"href":"https:\/\/partediario.com.ar\/index.php?rest_route=%2Fwp%2Fv2%2Fcategories&post=7844"},{"taxonomy":"post_tag","embeddable":true,"href":"https:\/\/partediario.com.ar\/index.php?rest_route=%2Fwp%2Fv2%2Ftags&post=7844"}],"curies":[{"name":"wp","href":"https:\/\/api.w.org\/{rel}","templated":true}]}}