{"id":7866,"date":"2024-09-29T19:28:25","date_gmt":"2024-09-29T22:28:25","guid":{"rendered":"https:\/\/partediario.com.ar\/?p=7866"},"modified":"2024-09-29T19:28:26","modified_gmt":"2024-09-29T22:28:26","slug":"finalizo-la-fne-2024-en-jujuy-con-la-entrega-de-premios-para-los-carroceros","status":"publish","type":"post","link":"https:\/\/partediario.com.ar\/?p=7866","title":{"rendered":"Finaliz\u00f3 la FNE 2024 en Jujuy con la entrega de premios para los carroceros"},"content":{"rendered":"\n<h3 class=\"wp-block-heading\">Con la ceremonia de \u201cEntrega de Premios\u201d, se dio por finalizada una nueva edici\u00f3n de la Fiesta Nacional de los Estudiantes, donde estudiantes, docentes y familias celebraron la creatividad y esfuerzo de los carroceros.<\/h3>\n\n\n\n<p>El Gobierno de la provincia nuevamente acompa\u00f1o al estudiantado que tras d\u00edas de dedicaci\u00f3n lograron impresionantes proyectos que desfilaron en la avenida de Los Estudiantes en Ciudad Cultural.<\/p>\n\n\n\n<p>El primer premio por categor\u00eda carruaje se lo llev\u00f3 el colegio Che-IL, segundo premio para el Secundario de Arte N\u00b0 30 de Casira y tercer premio fue para la Escuela Municipal \u00abMarina Vilte\u00bb.<\/p>\n\n\n\n<p>En categor\u00eda t\u00e9cnica, el primer premio fue para la Escuela de Educaci\u00f3n T\u00e9cnica N\u00b01 \u00abGeneral Savio\u00bb de P\u00e1lpala, segundo premio se lo llev\u00f3 la Escuela de Educaci\u00f3n T\u00e9cnica N\u00ba1 \u00abGeneral Manuel Belgrano\u00bb de Maimar\u00e1 y tercer lugar la Escuela T\u00e9cnica N\u00b0 1 de Monterrico.<\/p>\n\n\n\n<p>Finalmente, en la categor\u00eda carroza, el primer premio fue para el Centro Polivalente de Arte \u00abProf. Luis Alberto Mart\u00ednez\u00bb, segundo lugar para el Colegio \u00abJos\u00e9 Hern\u00e1ndez\u00bb y tercer puesto para el Colegio Del Salvador. Cabe indicar que en esta 73\u00b0 edici\u00f3n de la Fiesta Nacional de los Estudiantes participaron 68 obras art\u00edsticas entre carrozas y carruajes.<\/p>\n\n\n\n<figure class=\"wp-block-image size-full\"><img loading=\"lazy\" decoding=\"async\" width=\"900\" height=\"600\" src=\"https:\/\/partediario.com.ar\/wp-content\/uploads\/whatsapp-image-2024-09-29-at-111.webp\" alt=\"\" class=\"wp-image-7867\" srcset=\"https:\/\/partediario.com.ar\/wp-content\/uploads\/whatsapp-image-2024-09-29-at-111.webp 900w, https:\/\/partediario.com.ar\/wp-content\/uploads\/whatsapp-image-2024-09-29-at-111-300x200.webp 300w, https:\/\/partediario.com.ar\/wp-content\/uploads\/whatsapp-image-2024-09-29-at-111-768x512.webp 768w\" sizes=\"auto, (max-width: 900px) 100vw, 900px\" \/><\/figure>\n\n\n\n<p><\/p>\n\n\n\n<figure class=\"wp-block-image size-full\"><img loading=\"lazy\" decoding=\"async\" width=\"900\" height=\"600\" src=\"https:\/\/partediario.com.ar\/wp-content\/uploads\/whatsapp-image-2024-09-29-at-111-2.webp\" alt=\"\" class=\"wp-image-7868\" srcset=\"https:\/\/partediario.com.ar\/wp-content\/uploads\/whatsapp-image-2024-09-29-at-111-2.webp 900w, https:\/\/partediario.com.ar\/wp-content\/uploads\/whatsapp-image-2024-09-29-at-111-2-300x200.webp 300w, https:\/\/partediario.com.ar\/wp-content\/uploads\/whatsapp-image-2024-09-29-at-111-2-768x512.webp 768w\" sizes=\"auto, (max-width: 900px) 100vw, 900px\" \/><\/figure>\n\n\n\n<p><\/p>\n","protected":false},"excerpt":{"rendered":"<p>Con la ceremonia de &ldquo;Entrega de Premios&rdquo;, se dio por finalizada una nueva edici&oacute;n de la Fiesta Nacional de los Estudiantes, donde estudiantes, docentes y familias celebraron la creatividad y esfuerzo de los carroceros. El Gobierno de la provincia nuevamente acompa&ntilde;o al estudiantado que tras d&iacute;as de dedicaci&oacute;n lograron impresionantes proyectos que desfilaron en la [&hellip;]<\/p>\n","protected":false},"author":2,"featured_media":7869,"comment_status":"open","ping_status":"open","sticky":false,"template":"","format":"standard","meta":{"footnotes":""},"categories":[8,726],"tags":[3522,753],"class_list":["post-7866","post","type-post","status-publish","format-standard","has-post-thumbnail","hentry","category-provinciales","category-sociedad","tag-fne-2024","tag-jujuy"],"_links":{"self":[{"href":"https:\/\/partediario.com.ar\/index.php?rest_route=\/wp\/v2\/posts\/7866","targetHints":{"allow":["GET"]}}],"collection":[{"href":"https:\/\/partediario.com.ar\/index.php?rest_route=\/wp\/v2\/posts"}],"about":[{"href":"https:\/\/partediario.com.ar\/index.php?rest_route=\/wp\/v2\/types\/post"}],"author":[{"embeddable":true,"href":"https:\/\/partediario.com.ar\/index.php?rest_route=\/wp\/v2\/users\/2"}],"replies":[{"embeddable":true,"href":"https:\/\/partediario.com.ar\/index.php?rest_route=%2Fwp%2Fv2%2Fcomments&post=7866"}],"version-history":[{"count":1,"href":"https:\/\/partediario.com.ar\/index.php?rest_route=\/wp\/v2\/posts\/7866\/revisions"}],"predecessor-version":[{"id":7870,"href":"https:\/\/partediario.com.ar\/index.php?rest_route=\/wp\/v2\/posts\/7866\/revisions\/7870"}],"wp:featuredmedia":[{"embeddable":true,"href":"https:\/\/partediario.com.ar\/index.php?rest_route=\/wp\/v2\/media\/7869"}],"wp:attachment":[{"href":"https:\/\/partediario.com.ar\/index.php?rest_route=%2Fwp%2Fv2%2Fmedia&parent=7866"}],"wp:term":[{"taxonomy":"category","embeddable":true,"href":"https:\/\/partediario.com.ar\/index.php?rest_route=%2Fwp%2Fv2%2Fcategories&post=7866"},{"taxonomy":"post_tag","embeddable":true,"href":"https:\/\/partediario.com.ar\/index.php?rest_route=%2Fwp%2Fv2%2Ftags&post=7866"}],"curies":[{"name":"wp","href":"https:\/\/api.w.org\/{rel}","templated":true}]}}