{"id":7875,"date":"2024-09-30T13:45:29","date_gmt":"2024-09-30T16:45:29","guid":{"rendered":"https:\/\/partediario.com.ar\/?p=7875"},"modified":"2024-10-01T14:55:27","modified_gmt":"2024-10-01T17:55:27","slug":"bajaran-las-naftas-en-ypf-y-shell-a-partir-de-este-martes-1-la-nafta-y-2-el-gas-oil","status":"publish","type":"post","link":"https:\/\/partediario.com.ar\/?p=7875","title":{"rendered":"Bajar\u00e1n las naftas en YPF y Shell a partir de este martes: 1% la nafta y 2 % el gas oil"},"content":{"rendered":"\n<h3 class=\"wp-block-heading\">Las petroleras YPF y Shell comunicaron que rebajar\u00e1n desde este martes 1% el precio de sus naftas y 2% el del gas oil en todo el pa\u00eds debido a la ca\u00edda de los valores del petr\u00f3leo a nivel internacional.<\/h3>\n\n\n\n<p>\u201cYPF no tiene que subsidiar a los consumidores y los consumidores no tienen que subsidiar a YPF. Si el precio del petr\u00f3leo a nivel internacional sube vamos a subir el precio, y si el precio baja YPF va a bajar el precio de los combustibles\u201d, asegur\u00f3 el CEO de la compa\u00f1\u00eda Horacio Mar\u00edn al explicar esta decisi\u00f3n.<\/p>\n\n\n\n<p>El ejecutivo se\u00f1al\u00f3 que \u00abhoy el precio de los combustibles de nuestras refiner\u00edas sale a 100 unidades, ma\u00f1ana saldr\u00e1 a 96 unidades, pero hay que sumarle 2 puntos de la devaluaci\u00f3n, m\u00e1s un punto del ajuste del impuesto a los combustibles\u201d, precis\u00f3 Mar\u00edn en declaraciones period\u00edsticas.<\/p>\n\n\n\n<p>El ejecutivo asever\u00f3 que sin una pol\u00edtica en este sentido \u201cVaca Muerta no se desarrollar\u00e1\u201d y reiter\u00f3 que su objetivo es que YPF \u201cexporte US$ 30.000 millones en 2030.<\/p>\n\n\n\n<p>\u201cEsta decisi\u00f3n se toma, fundamentalmente, en el marco de una ca\u00edda de la cotizaci\u00f3n internacional del crudo Brent que forma parte de la estructura de precios de todos los combustibles a nivel mundial\u201d, se\u00f1al\u00f3 m\u00e1s tarde la compa\u00f1\u00eda en un comunicado.<\/p>\n\n\n\n<p>La empresa precis\u00f3 que \u201cen los \u00faltimos 8 meses, YPF encontr\u00f3 un equilibrio entre los precios internacionales y los precios locales en surtidor que permite, de ahora en m\u00e1s, que \u00e9stos \u00faltimos se suban o bajen en funci\u00f3n de valor del crudo Brent y la evoluci\u00f3n de los componentes de costo local\u201d.<\/p>\n\n\n\n<p>Tras el anuncio de YPF la petrolera Shell confirm\u00f3 la noticia de la baja de 1% en nafta y 2% en gas oil.<\/p>\n","protected":false},"excerpt":{"rendered":"<p>Las petroleras YPF y Shell comunicaron que rebajar&aacute;n desde este martes 1% el precio de sus naftas y 2% el del gas oil en todo el pa&iacute;s debido a la ca&iacute;da de los valores del petr&oacute;leo a nivel internacional. &ldquo;YPF no tiene que subsidiar a los consumidores y los consumidores no tienen que subsidiar a [&hellip;]<\/p>\n","protected":false},"author":2,"featured_media":7876,"comment_status":"open","ping_status":"open","sticky":false,"template":"","format":"standard","meta":{"footnotes":""},"categories":[5,176],"tags":[764,3524,1325,1324],"class_list":["post-7875","post","type-post","status-publish","format-standard","has-post-thumbnail","hentry","category-nacionales","category-politica","tag-baja","tag-naftas","tag-shell","tag-ypf"],"_links":{"self":[{"href":"https:\/\/partediario.com.ar\/index.php?rest_route=\/wp\/v2\/posts\/7875","targetHints":{"allow":["GET"]}}],"collection":[{"href":"https:\/\/partediario.com.ar\/index.php?rest_route=\/wp\/v2\/posts"}],"about":[{"href":"https:\/\/partediario.com.ar\/index.php?rest_route=\/wp\/v2\/types\/post"}],"author":[{"embeddable":true,"href":"https:\/\/partediario.com.ar\/index.php?rest_route=\/wp\/v2\/users\/2"}],"replies":[{"embeddable":true,"href":"https:\/\/partediario.com.ar\/index.php?rest_route=%2Fwp%2Fv2%2Fcomments&post=7875"}],"version-history":[{"count":1,"href":"https:\/\/partediario.com.ar\/index.php?rest_route=\/wp\/v2\/posts\/7875\/revisions"}],"predecessor-version":[{"id":7877,"href":"https:\/\/partediario.com.ar\/index.php?rest_route=\/wp\/v2\/posts\/7875\/revisions\/7877"}],"wp:featuredmedia":[{"embeddable":true,"href":"https:\/\/partediario.com.ar\/index.php?rest_route=\/wp\/v2\/media\/7876"}],"wp:attachment":[{"href":"https:\/\/partediario.com.ar\/index.php?rest_route=%2Fwp%2Fv2%2Fmedia&parent=7875"}],"wp:term":[{"taxonomy":"category","embeddable":true,"href":"https:\/\/partediario.com.ar\/index.php?rest_route=%2Fwp%2Fv2%2Fcategories&post=7875"},{"taxonomy":"post_tag","embeddable":true,"href":"https:\/\/partediario.com.ar\/index.php?rest_route=%2Fwp%2Fv2%2Ftags&post=7875"}],"curies":[{"name":"wp","href":"https:\/\/api.w.org\/{rel}","templated":true}]}}