{"id":7878,"date":"2024-09-30T13:59:56","date_gmt":"2024-09-30T16:59:56","guid":{"rendered":"https:\/\/partediario.com.ar\/?p=7878"},"modified":"2024-10-01T14:55:17","modified_gmt":"2024-10-01T17:55:17","slug":"milei-designo-oficialmente-a-mario-lugones-en-salud-tras-la-salida-de-mario-russo","status":"publish","type":"post","link":"https:\/\/partediario.com.ar\/?p=7878","title":{"rendered":"Milei design\u00f3 oficialmente a Mario Lugones en Salud tras la salida de Mario Russo"},"content":{"rendered":"\n<h3 class=\"wp-block-heading\">El Gobierno nacional design\u00f3 a Mario Lugones como flamante ministro de Salud, despu\u00e9s que su antecesor, Mario Russo, presentara su renuncia alegando \u201cproblemas personales\u00bb.<\/h3>\n\n\n\n<p>Por medio de la publicaci\u00f3n en el Bolet\u00edn Oficial del Decreto 857\/2024 que lleva la firma del presidente Javier Milei y del jefe de Gabinete, Guillermo Francos, la administraci\u00f3n nacional oficializ\u00f3 el ingreso de Lugones al frente de la cartera, del titular de la Fundaci\u00f3n Sanatorio G\u00fcemes fue anunciado en el Bolet\u00edn Oficial.<\/p>\n\n\n\n<p>Lo cierto es que la salida de Russo del ministerio estuvo marcado por algunas discrepancias sobre el manejo del brote de dengue y denuncias por recortes a los medicamentos oncol\u00f3gicos, sin embargo desde Casa Rosada se encargaron de aclarar que la salida del ex titular de la cartera sanitaria era \u00abpor cuestiones personales\u00bb, y no porque el mandatario lo haya echado.<\/p>\n\n\n\n<p>Tras casi diez meses de gesti\u00f3n, el hasta entonces ministro aleg\u00f3 \u201cmotivos personales\u201d y el pasado jueves present\u00f3 la renuncia convirti\u00e9ndose en el tercer ministro que se aleja del Gabinete libertario desde diciembre de 2023, tras las salidas de Nicol\u00e1s Posse (jefe de Gabinete) y Guillermo Ferraro (Infraestructura).<\/p>\n\n\n\n<p>Cabe se\u00f1alar que Lugones fue jefe de cl\u00ednica de la Unidad Coronaria del Sanatorio G\u00fcemes, adem\u00e1s m\u00e9dico cardi\u00f3logo de Praxis M\u00e9dica y de la Fundaci\u00f3n Favaloro. Adem\u00e1s se desempe\u00f1\u00f3 como director del Instituto M\u00e9dico de la Seguridad Social y Evaluaci\u00f3n Tecnol\u00f3gica (IMSSET) de la UBA y fue director de la Maestr\u00eda de Gerenciamiento del Sistema de Salud de la UBA.<\/p>\n\n\n\n<p>Si bien a\u00fan no hay fecha establecida para la jura del flamante ministro, no descarta que tenga lugar en los pr\u00f3ximos d\u00edas.<\/p>\n","protected":false},"excerpt":{"rendered":"<p>El Gobierno nacional design&oacute; a Mario Lugones como flamante ministro de Salud, despu&eacute;s que su antecesor, Mario Russo, presentara su renuncia alegando &ldquo;problemas personales&raquo;. Por medio de la publicaci&oacute;n en el Bolet&iacute;n Oficial del Decreto 857\/2024 que lleva la firma del presidente Javier Milei y del jefe de Gabinete, Guillermo Francos, la administraci&oacute;n nacional oficializ&oacute; [&hellip;]<\/p>\n","protected":false},"author":2,"featured_media":7879,"comment_status":"open","ping_status":"open","sticky":false,"template":"","format":"standard","meta":{"footnotes":""},"categories":[5,176],"tags":[329,232,3473,3525,615],"class_list":["post-7878","post","type-post","status-publish","format-standard","has-post-thumbnail","hentry","category-nacionales","category-politica","tag-guillermo-francos","tag-javier-milei","tag-mario-lugones","tag-mario-russo","tag-ministerio-de-salud"],"_links":{"self":[{"href":"https:\/\/partediario.com.ar\/index.php?rest_route=\/wp\/v2\/posts\/7878","targetHints":{"allow":["GET"]}}],"collection":[{"href":"https:\/\/partediario.com.ar\/index.php?rest_route=\/wp\/v2\/posts"}],"about":[{"href":"https:\/\/partediario.com.ar\/index.php?rest_route=\/wp\/v2\/types\/post"}],"author":[{"embeddable":true,"href":"https:\/\/partediario.com.ar\/index.php?rest_route=\/wp\/v2\/users\/2"}],"replies":[{"embeddable":true,"href":"https:\/\/partediario.com.ar\/index.php?rest_route=%2Fwp%2Fv2%2Fcomments&post=7878"}],"version-history":[{"count":1,"href":"https:\/\/partediario.com.ar\/index.php?rest_route=\/wp\/v2\/posts\/7878\/revisions"}],"predecessor-version":[{"id":7880,"href":"https:\/\/partediario.com.ar\/index.php?rest_route=\/wp\/v2\/posts\/7878\/revisions\/7880"}],"wp:featuredmedia":[{"embeddable":true,"href":"https:\/\/partediario.com.ar\/index.php?rest_route=\/wp\/v2\/media\/7879"}],"wp:attachment":[{"href":"https:\/\/partediario.com.ar\/index.php?rest_route=%2Fwp%2Fv2%2Fmedia&parent=7878"}],"wp:term":[{"taxonomy":"category","embeddable":true,"href":"https:\/\/partediario.com.ar\/index.php?rest_route=%2Fwp%2Fv2%2Fcategories&post=7878"},{"taxonomy":"post_tag","embeddable":true,"href":"https:\/\/partediario.com.ar\/index.php?rest_route=%2Fwp%2Fv2%2Ftags&post=7878"}],"curies":[{"name":"wp","href":"https:\/\/api.w.org\/{rel}","templated":true}]}}