{"id":7881,"date":"2024-09-30T14:07:39","date_gmt":"2024-09-30T17:07:39","guid":{"rendered":"https:\/\/partediario.com.ar\/?p=7881"},"modified":"2024-10-01T14:55:09","modified_gmt":"2024-10-01T17:55:09","slug":"incendios-en-cordoba-se-espera-una-maxima-de-40-grados-y-hay-preocupacion-por-la-reactivacion-de-focos","status":"publish","type":"post","link":"https:\/\/partediario.com.ar\/?p=7881","title":{"rendered":"Incendios en C\u00f3rdoba: se espera una m\u00e1xima de 40 grados y hay preocupaci\u00f3n por la reactivaci\u00f3n de focos"},"content":{"rendered":"\n<h3 class=\"wp-block-heading\">A pesar que se mitigaron varios de los focos este lunes se pronostica una temperatura m\u00e1xima de 40 grados por lo que hay temor de que se reactiven las llamas en algunos sectores de la provincia.<\/h3>\n\n\n\n<p>A pesar que se mitigaron gran parte de los focos este lunes se pronostica una temperatura m\u00e1xima de 40 grados por lo que hay temor de que se reactiven las llamas en algunos sectores.<\/p>\n\n\n\n<p>El \u00faltimo parte informado por el Gobierno de C\u00f3rdoba comunica que \u201csigue activo el incendio de la Quebrada de la Mermela, en el lado sur y norte. M\u00e1s de 150 bomberos, apoyados por 4 aviones y dos helic\u00f3pteros trabajan en la zona de Traslasierra y se van a sumar m\u00e1s durante el d\u00eda\u201d. Simult\u00e1neamente, m\u00e1quinas viales trabajan para \u201chacer cortafuegos y evitar que el foco se acerque a la Reserva Chancan\u00ed\u201d.<\/p>\n\n\n\n<p>El fuego en San Marcos Sierras registra menor actividad y no representa riesgo de para las viviendas, precisaron. Aun as\u00ed, el Servicio Meteorol\u00f3gico Nacional se\u00f1al\u00f3 que se prev\u00e9n temperaturas de 40 grados y vientos fuertes en toda la provincia.<\/p>\n\n\n\n<p>\u201cSer\u00e1 otro d\u00eda con riesgo extremo de incendios forestales en todo el territorio provincial. Se alerta a la poblaci\u00f3n a maximizar cuidados y medidas de prevenci\u00f3n\u201d, agregaron.<\/p>\n\n\n\n<p>El Gobierno provincial anunci\u00f3 que frente al escenario de incendios se declar\u00f3 el desastre agropecuario. La medida alcanza a los productores afectados entre los meses de agosto y septiembre en las zonas productivas.<\/p>\n\n\n\n<p>Por la triste y grave situaci\u00f3n que se vive desde hace meses en la provincia, las autoridades informaron que ya se habilit\u00f3 el formulario para la carga de declaraciones juradas.<\/p>\n\n\n\n<p>Esta medida regir\u00e1 desde el 1\u00b0 de septiembre de 2024 hasta el 31 de agosto de 2025 para \u201clos productores agr\u00edcolas, forestales, frutihort\u00edcolas, ganaderos, tamberos y ap\u00edcolas de C\u00f3rdoba\u201d.<\/p>\n","protected":false},"excerpt":{"rendered":"<p>A pesar que se mitigaron varios de los focos este lunes se pronostica una temperatura m&aacute;xima de 40 grados por lo que hay temor de que se reactiven las llamas en algunos sectores de la provincia. A pesar que se mitigaron gran parte de los focos este lunes se pronostica una temperatura m&aacute;xima de 40 [&hellip;]<\/p>\n","protected":false},"author":2,"featured_media":7882,"comment_status":"open","ping_status":"open","sticky":false,"template":"","format":"standard","meta":{"footnotes":""},"categories":[8,726],"tags":[303,2998,3527,3526,1827],"class_list":["post-7881","post","type-post","status-publish","format-standard","has-post-thumbnail","hentry","category-provinciales","category-sociedad","tag-cordoba","tag-incendios","tag-quebrada-de-mermela","tag-temperaturas","tag-traslasierra"],"_links":{"self":[{"href":"https:\/\/partediario.com.ar\/index.php?rest_route=\/wp\/v2\/posts\/7881","targetHints":{"allow":["GET"]}}],"collection":[{"href":"https:\/\/partediario.com.ar\/index.php?rest_route=\/wp\/v2\/posts"}],"about":[{"href":"https:\/\/partediario.com.ar\/index.php?rest_route=\/wp\/v2\/types\/post"}],"author":[{"embeddable":true,"href":"https:\/\/partediario.com.ar\/index.php?rest_route=\/wp\/v2\/users\/2"}],"replies":[{"embeddable":true,"href":"https:\/\/partediario.com.ar\/index.php?rest_route=%2Fwp%2Fv2%2Fcomments&post=7881"}],"version-history":[{"count":1,"href":"https:\/\/partediario.com.ar\/index.php?rest_route=\/wp\/v2\/posts\/7881\/revisions"}],"predecessor-version":[{"id":7883,"href":"https:\/\/partediario.com.ar\/index.php?rest_route=\/wp\/v2\/posts\/7881\/revisions\/7883"}],"wp:featuredmedia":[{"embeddable":true,"href":"https:\/\/partediario.com.ar\/index.php?rest_route=\/wp\/v2\/media\/7882"}],"wp:attachment":[{"href":"https:\/\/partediario.com.ar\/index.php?rest_route=%2Fwp%2Fv2%2Fmedia&parent=7881"}],"wp:term":[{"taxonomy":"category","embeddable":true,"href":"https:\/\/partediario.com.ar\/index.php?rest_route=%2Fwp%2Fv2%2Fcategories&post=7881"},{"taxonomy":"post_tag","embeddable":true,"href":"https:\/\/partediario.com.ar\/index.php?rest_route=%2Fwp%2Fv2%2Ftags&post=7881"}],"curies":[{"name":"wp","href":"https:\/\/api.w.org\/{rel}","templated":true}]}}