{"id":7897,"date":"2024-09-30T14:36:44","date_gmt":"2024-09-30T17:36:44","guid":{"rendered":"https:\/\/partediario.com.ar\/?p=7897"},"modified":"2024-09-30T14:39:13","modified_gmt":"2024-09-30T17:39:13","slug":"diamante-se-registrara-un-corte-programado-de-suministro-de-agua","status":"publish","type":"post","link":"https:\/\/partediario.com.ar\/?p=7897","title":{"rendered":"Diamante: se registrar\u00e1 un corte programado de suministro de Agua"},"content":{"rendered":"\n<h3 class=\"wp-block-heading\">La Municipalidad de Diamante informa que el martes 1 de octubre, la Direcci\u00f3n de Obras Sanitarias junto a la empresa encargada del recambio de ca\u00f1er\u00edas, realizar\u00e1n tareas en distintos puntos de la ciudad.<\/h3>\n\n\n\n<p>Cuadrillas municipales estar\u00e1n trabajando en calle 3 de Febrero y Dr. L\u00f3pez, 3 de Febrero y Mitre.<\/p>\n\n\n\n<p><\/p>\n\n\n\n<figure class=\"wp-block-image size-full\"><img loading=\"lazy\" decoding=\"async\" width=\"526\" height=\"526\" src=\"https:\/\/partediario.com.ar\/wp-content\/uploads\/461392224_941027021388883_5544480095275079447_n.jpg\" alt=\"\" class=\"wp-image-7898\" srcset=\"https:\/\/partediario.com.ar\/wp-content\/uploads\/461392224_941027021388883_5544480095275079447_n.jpg 526w, https:\/\/partediario.com.ar\/wp-content\/uploads\/461392224_941027021388883_5544480095275079447_n-300x300.jpg 300w, https:\/\/partediario.com.ar\/wp-content\/uploads\/461392224_941027021388883_5544480095275079447_n-150x150.jpg 150w\" sizes=\"auto, (max-width: 526px) 100vw, 526px\" \/><\/figure>\n\n\n\n<p><\/p>\n\n\n\n<p>mientras que personal de la empresa trabajar\u00e1 en el empalme de ca\u00f1er\u00edas en San Lorenzo y Entre R\u00edos, Tratado del Pilar y Roca, y 25 de Mayo y 5 de Octubre.<\/p>\n\n\n\n<p>Debido a los trabajos se program\u00f3 un corte en el suministro de agua, a partie de las 7.<\/p>\n\n\n\n<h4 class=\"wp-block-heading\"><strong><a href=\"#Diamante\">#Diamante<\/a> <a href=\"#TuLugar\">#TuLugar<\/a><\/strong><\/h4>\n\n\n\n<p><\/p>\n","protected":false},"excerpt":{"rendered":"<p>La Municipalidad de Diamante informa que el martes 1 de octubre, la Direcci&oacute;n de Obras Sanitarias junto a la empresa encargada del recambio de ca&ntilde;er&iacute;as, realizar&aacute;n tareas en distintos puntos de la ciudad. Cuadrillas municipales estar&aacute;n trabajando en calle 3 de Febrero y Dr. L&oacute;pez, 3 de Febrero y Mitre. mientras que personal de la [&hellip;]<\/p>\n","protected":false},"author":2,"featured_media":7899,"comment_status":"open","ping_status":"open","sticky":false,"template":"","format":"standard","meta":{"footnotes":""},"categories":[3272],"tags":[269,1710,327,3533],"class_list":["post-7897","post","type-post","status-publish","format-standard","has-post-thumbnail","hentry","category-municipales","tag-agua","tag-corte","tag-diamante","tag-suministro"],"_links":{"self":[{"href":"https:\/\/partediario.com.ar\/index.php?rest_route=\/wp\/v2\/posts\/7897","targetHints":{"allow":["GET"]}}],"collection":[{"href":"https:\/\/partediario.com.ar\/index.php?rest_route=\/wp\/v2\/posts"}],"about":[{"href":"https:\/\/partediario.com.ar\/index.php?rest_route=\/wp\/v2\/types\/post"}],"author":[{"embeddable":true,"href":"https:\/\/partediario.com.ar\/index.php?rest_route=\/wp\/v2\/users\/2"}],"replies":[{"embeddable":true,"href":"https:\/\/partediario.com.ar\/index.php?rest_route=%2Fwp%2Fv2%2Fcomments&post=7897"}],"version-history":[{"count":1,"href":"https:\/\/partediario.com.ar\/index.php?rest_route=\/wp\/v2\/posts\/7897\/revisions"}],"predecessor-version":[{"id":7900,"href":"https:\/\/partediario.com.ar\/index.php?rest_route=\/wp\/v2\/posts\/7897\/revisions\/7900"}],"wp:featuredmedia":[{"embeddable":true,"href":"https:\/\/partediario.com.ar\/index.php?rest_route=\/wp\/v2\/media\/7899"}],"wp:attachment":[{"href":"https:\/\/partediario.com.ar\/index.php?rest_route=%2Fwp%2Fv2%2Fmedia&parent=7897"}],"wp:term":[{"taxonomy":"category","embeddable":true,"href":"https:\/\/partediario.com.ar\/index.php?rest_route=%2Fwp%2Fv2%2Fcategories&post=7897"},{"taxonomy":"post_tag","embeddable":true,"href":"https:\/\/partediario.com.ar\/index.php?rest_route=%2Fwp%2Fv2%2Ftags&post=7897"}],"curies":[{"name":"wp","href":"https:\/\/api.w.org\/{rel}","templated":true}]}}