{"id":7912,"date":"2024-10-01T13:46:59","date_gmt":"2024-10-01T16:46:59","guid":{"rendered":"https:\/\/partediario.com.ar\/?p=7912"},"modified":"2024-10-03T18:47:23","modified_gmt":"2024-10-03T21:47:23","slug":"diputados-tratara-de-aprobar-la-ley-contra-el-crimen-organizado-con-respaldo-de-oficialistas-y-otros-bloques","status":"publish","type":"post","link":"https:\/\/partediario.com.ar\/?p=7912","title":{"rendered":"Diputados tratar\u00e1 de aprobar la ley contra el crimen organizado, con respaldo de oficialistas y otros bloques"},"content":{"rendered":"\n<h3 class=\"wp-block-heading\">La C\u00e1mara de Diputados buscar\u00e1 aprobar el martes, en una sesi\u00f3n especial, un proyecto de ley que busca luchar contra el crimen organizado, con el respaldo del oficialismo y de los bloques dialoguistas.<\/h3>\n\n\n\n<p>Uno de los datos destacados de esa propuesta es que no solo se van agravar las penas a los delincuentes, sino de cualquier miembro de esa asociaci\u00f3n il\u00edcita que cometi\u00f3 ese crimen o atentado.<\/p>\n\n\n\n<p>La Libertad Avanza (LAA) decidi\u00f3 incluir el tratamiento de esta iniciativa luego de alcanzar un acuerdo con el PRO, la UCR, y la Coalici\u00f3n C\u00edvica, cuyos principales dirigentes rubricaron el pedido para ser tratada el pr\u00f3ximo martes.<\/p>\n\n\n\n<p>La sesi\u00f3n especial pedida por el presidente de LLA, Gabriel Bornoroni, debatir\u00e1 adem\u00e1s de la Boleta \u00danica de Papel, los proyectos de lucha contra el crimen organizado, y del programa de regularizaci\u00f3n de tenencias de armas y de entregada voluntaria de armas.<\/p>\n\n\n\n<p>La ministra de Seguridad, Patricia Bullrich, envi\u00f3 un paquete de proyectos para combatir el delito, entre los que figuran la baja de la edad de imputabilidad, algo que aun no logr\u00f3 acuerdo, y otro sobre los cambios en el C\u00f3digo Penal para luchar contra el crimen organizado y el narcotr\u00e1fico.<\/p>\n\n\n\n<p>Las reformas del C\u00f3digo Penal propuestas en el proyecto sobre Crimen Organizado se aplicar\u00e1n en delitos que involucren el narcotr\u00e1fico, lavado de dinero, trata de personas, tr\u00e1fico de \u00f3rganos, tenencia ilegal de armas y explosivos.<\/p>\n\n\n\n<p>Una de las modificaciones es que se contempla una pena de 8 a 20 a\u00f1os de prisi\u00f3n o reclusi\u00f3n, por la mera pertenencia a la asociaci\u00f3n il\u00edcita que cometa ese delito.<\/p>\n\n\n\n<p>En ese sentido se establece que la pena por el delito m\u00e1s grave que le corresponda a quien cometi\u00f3 el hecho, sino que adem\u00e1s se aplicar\u00e1 a todos los miembros de la organizaci\u00f3n solamente por pertenecer a ella.<\/p>\n\n\n\n<p>Se considera que todos son part\u00edcipes necesarios para llevar a cabo el acto delictivo final.<\/p>\n\n\n\n<p>La pena m\u00e1xima que le corresponde al autor se podr\u00e1 aplicar a cualquier miembro de la organizaci\u00f3n que \u00abse valiera de la violencia f\u00edsica o de amenazas para el cumplimiento de sus fines\u00bb; o si los hechos se produjeran de manera \u00abreiterada y ostensible en beneficio de la organizaci\u00f3n\u00bb.<\/p>\n\n\n\n<p>Tambi\u00e9n se aplicar\u00e1 si los delitos se produjeran para a \u00abpara amedrentar a la poblaci\u00f3n en general o a ciertos sectores de la poblaci\u00f3n, o para intimidar a las autoridades ejecutivas, legislativas y judiciales, o a las fuerzas armadas, fuerzas policiales y de seguridad\u00bb.<\/p>\n\n\n\n<p>Crea adem\u00e1s la figura de la Zona de Investigaci\u00f3n Especial, con el objeto de establecer mecanismos de actuaci\u00f3n \u00e1giles para los diversos poderes del Estado, lo que posibilitar\u00e1 una respuesta m\u00e1s r\u00e1pida y efectiva en el marco de la actuaci\u00f3n operativa y de investigaci\u00f3n.<\/p>\n\n\n\n<p>En ese contexto, cuando se declara la necesidad de una investigaci\u00f3n especial, las fuerzas policiales y de seguridad federales, provinciales y de la Ciudad Aut\u00f3noma de Buenos Aires podr\u00e1n detener a una persona por 48 horas para averiguaci\u00f3n por la comisi\u00f3n de determinados delitos. En caso de una investigaci\u00f3n por una cantidad de delitos por tratarse de delincuencia transnacional la detenci\u00f3n podr\u00e1 tener hasta 15 d\u00edas, con la posibilidad de que sea prorrogada con la autorizaci\u00f3n judicial correspondiente.<\/p>\n\n\n\n<p>Adem\u00e1s, se podr\u00e1 incautar mercader\u00eda presuntamente vinculada con la comisi\u00f3n de il\u00edcitos, as\u00ed como hacer requisas en las c\u00e1rceles nacionales o provinciales.<\/p>\n\n\n\n<p>A lo largo del dictamen de mayor\u00eda se establece que podr\u00e1 inmovilizar activos de personas humanas o jur\u00eddicas, previa orden judicial, cuando existieren sospechas de un v\u00ednculo con una organizaci\u00f3n criminal.<\/p>\n\n\n\n<p>Adem\u00e1s los investigadores con previa orden judicial podr\u00e1n realizar allanamientos sobre los domicilios de un \u00e1rea determinada.<\/p>\n\n\n\n<p>Ante la urgencia los allanamientos podr\u00e1n ser autorizados por el Ministerio P\u00fablico Fiscal (MPF) por cualquier medio, dando inmediata noticia a la autoridad judicial competente que emiti\u00f3 la orden original.<\/p>\n\n\n\n<p>Otra potestad que tendr\u00e1n ser\u00e1 interceptar llamados telef\u00f3nicos, mensajer\u00eda de redes sociales, plataformas virtuales y otras formas de comunicaci\u00f3n, con orden de la autoridad judicial competente y mediante los sistemas que prev\u00e9 la ley.<\/p>\n\n\n\n<p>\u00abSi la urgencia lo justificare, con el fin de no malograr una pesquisa, se podr\u00e1 continuar la cadena de interceptaciones que surjan de las comunicaciones previamente interceptadas, con autorizaci\u00f3n del Ministerio P\u00fablico Fiscal y dando noticia inmediata a la autoridad judicial competente, a disposici\u00f3n de la cual debe ponerse la pesquisa dentro de las veinticuatro (24) horas\u00bb, expresa el dictamen de mayor\u00eda.<\/p>\n\n\n\n<p>En la sesi\u00f3n se debatir\u00e1 el proyecto de regularizaci\u00f3n de tenencias de armas donde se otorgar\u00e1 un a\u00f1o para hacer el tr\u00e1mite para renovar los permisos que se hubieran vencidos, y en ese caso no tendr\u00e1 ninguna sanci\u00f3n penal.<\/p>\n\n\n\n<p>En ese sentido, el proyecto fija las personas que tuvieren armas de fuego de \u00abuso civil\u00bb o sus repuestos principales, que \u00abcarezcan de registraci\u00f3n anterior o que teni\u00e9ndola hubiere devenido en irregular, deber\u00e1n presentarse dentro de los trescientos sesenta (360) d\u00edas de la entrada en vigencia de la presente ante la Agencia Nacional de Materiales Controlados (ANMAC)\u00bb.<\/p>\n\n\n\n<p>Dispone que tras cumplir con las verificaciones t\u00e9cnicas y registrales correspondientes, se inscribir\u00e1n los datos del material denunciado y de su poseedor en el Banco Nacional Informatizado de Datos de dicho organismo.<\/p>\n\n\n\n<p>\u00abSi las personas comprendidas en el p\u00e1rrafo primero del presente carecieran de la condici\u00f3n de leg\u00edtimo usuario de armas de fuego en la categor\u00eda respectiva deber\u00e1n iniciar el tr\u00e1mite presentando la solicitud junto con la autorizaci\u00f3n de tenencia del material correspondiente\u00bb, se indica en el proyecto.<\/p>\n\n\n\n<p>Otro punto de importancia del proyecto es que se prorrogar\u00e1 hasta el 31 diciembre 2027 el Programa de Entrega Voluntarias de Armas, para entregar a cambio de un beneficio econ\u00f3mico el arma no autorizada. La entrega voluntaria y an\u00f3nima de armas de fuego y municiones a cambio de un incentivo, en puestos de recepci\u00f3n ser\u00e1n inmediatamente inutilizadas, para con posterioridad ser destruidas.<\/p>\n","protected":false},"excerpt":{"rendered":"<p>La C&aacute;mara de Diputados buscar&aacute; aprobar el martes, en una sesi&oacute;n especial, un proyecto de ley que busca luchar contra el crimen organizado, con el respaldo del oficialismo y de los bloques dialoguistas. Uno de los datos destacados de esa propuesta es que no solo se van agravar las penas a los delincuentes, sino de [&hellip;]<\/p>\n","protected":false},"author":2,"featured_media":7913,"comment_status":"open","ping_status":"open","sticky":false,"template":"","format":"standard","meta":{"footnotes":""},"categories":[5,176],"tags":[3474,310,1160,510],"class_list":["post-7912","post","type-post","status-publish","format-standard","has-post-thumbnail","hentry","category-nacionales","category-politica","tag-crimen-organizado","tag-diputados","tag-ley","tag-patricia-bullrich"],"_links":{"self":[{"href":"https:\/\/partediario.com.ar\/index.php?rest_route=\/wp\/v2\/posts\/7912","targetHints":{"allow":["GET"]}}],"collection":[{"href":"https:\/\/partediario.com.ar\/index.php?rest_route=\/wp\/v2\/posts"}],"about":[{"href":"https:\/\/partediario.com.ar\/index.php?rest_route=\/wp\/v2\/types\/post"}],"author":[{"embeddable":true,"href":"https:\/\/partediario.com.ar\/index.php?rest_route=\/wp\/v2\/users\/2"}],"replies":[{"embeddable":true,"href":"https:\/\/partediario.com.ar\/index.php?rest_route=%2Fwp%2Fv2%2Fcomments&post=7912"}],"version-history":[{"count":1,"href":"https:\/\/partediario.com.ar\/index.php?rest_route=\/wp\/v2\/posts\/7912\/revisions"}],"predecessor-version":[{"id":7914,"href":"https:\/\/partediario.com.ar\/index.php?rest_route=\/wp\/v2\/posts\/7912\/revisions\/7914"}],"wp:featuredmedia":[{"embeddable":true,"href":"https:\/\/partediario.com.ar\/index.php?rest_route=\/wp\/v2\/media\/7913"}],"wp:attachment":[{"href":"https:\/\/partediario.com.ar\/index.php?rest_route=%2Fwp%2Fv2%2Fmedia&parent=7912"}],"wp:term":[{"taxonomy":"category","embeddable":true,"href":"https:\/\/partediario.com.ar\/index.php?rest_route=%2Fwp%2Fv2%2Fcategories&post=7912"},{"taxonomy":"post_tag","embeddable":true,"href":"https:\/\/partediario.com.ar\/index.php?rest_route=%2Fwp%2Fv2%2Ftags&post=7912"}],"curies":[{"name":"wp","href":"https:\/\/api.w.org\/{rel}","templated":true}]}}