{"id":7933,"date":"2024-10-01T19:52:22","date_gmt":"2024-10-01T22:52:22","guid":{"rendered":"https:\/\/partediario.com.ar\/?p=7933"},"modified":"2024-10-03T18:46:51","modified_gmt":"2024-10-03T21:46:51","slug":"luis-barrionuevo-se-encuentra-internado-luego-de-sufrir-una-descompensacion","status":"publish","type":"post","link":"https:\/\/partediario.com.ar\/?p=7933","title":{"rendered":"Luis Barrionuevo se encuentra internado luego de sufrir una descompensaci\u00f3n"},"content":{"rendered":"\n<h3 class=\"wp-block-heading\">El hist\u00f3rico secretario general de la Uni\u00f3n de Trabajadores del Turismo, Hoteleros y Gastron\u00f3micos (UTHGRA), Luis Barrionuevo, sufri\u00f3 una descompensaci\u00f3n, y tuvo que ser internado de urgencia en el Sanatorio G\u00fcemes del barrio porte\u00f1o de Palermo.<\/h3>\n\n\n\n<p>Hasta ahora no se ha difundido un parte m\u00e9dico que brinde mayores precisiones sobre la salud del sindicalista y detalles como si se encontraba en una sala com\u00fan o una de terapia intensiva.<\/p>\n\n\n\n<p>\u00abTuvo una suba de presi\u00f3n pero est\u00e1 atendido, responde y est\u00e1 bien. Por lo menos tenemos la tranquilidad de que est\u00e1 asistido, cada tanto le sube la presi\u00f3n\u00bb, se\u00f1al\u00f3 a la prensa, \u00abTito\u00bb Geneiro, uno de los principales dirigentes de la UTHGRA.<\/p>\n\n\n\n<p>Barrionuevo lleva 39 a\u00f1os al frente del sindicato y due siempre un hombre fuerte en la vida interna de la CGT.<\/p>\n\n\n\n<p>Actualmente, en el triunvirato de la central obrera est\u00e1 representado por Carlos Acu\u00f1a, un dirigente de su ri\u00f1\u00f3n que lidera el gremio de Estaciones de Servicios y Garages.<\/p>\n","protected":false},"excerpt":{"rendered":"<p>El hist&oacute;rico secretario general de la Uni&oacute;n de Trabajadores del Turismo, Hoteleros y Gastron&oacute;micos (UTHGRA), Luis Barrionuevo, sufri&oacute; una descompensaci&oacute;n, y tuvo que ser internado de urgencia en el Sanatorio G&uuml;emes del barrio porte&ntilde;o de Palermo. Hasta ahora no se ha difundido un parte m&eacute;dico que brinde mayores precisiones sobre la salud del sindicalista y [&hellip;]<\/p>\n","protected":false},"author":2,"featured_media":7934,"comment_status":"open","ping_status":"open","sticky":false,"template":"","format":"standard","meta":{"footnotes":""},"categories":[978,5],"tags":[3548,3549,3551],"class_list":["post-7933","post","type-post","status-publish","format-standard","has-post-thumbnail","hentry","category-gremiales","category-nacionales","tag-internaron","tag-luis-barrionuevo","tag-sanatorio-guemes"],"_links":{"self":[{"href":"https:\/\/partediario.com.ar\/index.php?rest_route=\/wp\/v2\/posts\/7933","targetHints":{"allow":["GET"]}}],"collection":[{"href":"https:\/\/partediario.com.ar\/index.php?rest_route=\/wp\/v2\/posts"}],"about":[{"href":"https:\/\/partediario.com.ar\/index.php?rest_route=\/wp\/v2\/types\/post"}],"author":[{"embeddable":true,"href":"https:\/\/partediario.com.ar\/index.php?rest_route=\/wp\/v2\/users\/2"}],"replies":[{"embeddable":true,"href":"https:\/\/partediario.com.ar\/index.php?rest_route=%2Fwp%2Fv2%2Fcomments&post=7933"}],"version-history":[{"count":1,"href":"https:\/\/partediario.com.ar\/index.php?rest_route=\/wp\/v2\/posts\/7933\/revisions"}],"predecessor-version":[{"id":7935,"href":"https:\/\/partediario.com.ar\/index.php?rest_route=\/wp\/v2\/posts\/7933\/revisions\/7935"}],"wp:featuredmedia":[{"embeddable":true,"href":"https:\/\/partediario.com.ar\/index.php?rest_route=\/wp\/v2\/media\/7934"}],"wp:attachment":[{"href":"https:\/\/partediario.com.ar\/index.php?rest_route=%2Fwp%2Fv2%2Fmedia&parent=7933"}],"wp:term":[{"taxonomy":"category","embeddable":true,"href":"https:\/\/partediario.com.ar\/index.php?rest_route=%2Fwp%2Fv2%2Fcategories&post=7933"},{"taxonomy":"post_tag","embeddable":true,"href":"https:\/\/partediario.com.ar\/index.php?rest_route=%2Fwp%2Fv2%2Ftags&post=7933"}],"curies":[{"name":"wp","href":"https:\/\/api.w.org\/{rel}","templated":true}]}}