{"id":7954,"date":"2024-10-02T13:36:58","date_gmt":"2024-10-02T16:36:58","guid":{"rendered":"https:\/\/partediario.com.ar\/?p=7954"},"modified":"2024-10-02T13:36:58","modified_gmt":"2024-10-02T16:36:58","slug":"diamante-los-ninos-de-las-escuelas-domingo-french-y-gral-jose-de-san-martin-de-costa-grande-visitaron-el-palacio-municipal","status":"publish","type":"post","link":"https:\/\/partediario.com.ar\/?p=7954","title":{"rendered":"Diamante: los ni\u00f1os de las Escuelas \u201cDomingo French\u201d y \u201cGral. Jos\u00e9 de San Mart\u00edn\u201d, de Costa Grande visitaron el Palacio Municipal"},"content":{"rendered":"\n<h3 class=\"wp-block-heading\">Este mi\u00e9rcoles recibimos la visita de los chicos de las Escuelas N\u00ba 36 \u201cDomingo French\u201d y N\u00ba 48 \u201cGral. Jos\u00e9 de San Mart\u00edn\u201d, de Costa Grande.<\/h3>\n\n\n\n<p>Los peque\u00f1os fueron recibidos por el Presidente Municipal de Diamante, Ezio Gieco, quien los acompa\u00f1\u00f3 a conocer el Palacio Municipal.<\/p>\n\n\n\n<p><\/p>\n\n\n\n<figure class=\"wp-block-image size-full\"><img loading=\"lazy\" decoding=\"async\" width=\"1024\" height=\"683\" src=\"https:\/\/partediario.com.ar\/wp-content\/uploads\/461774598_942628591228726_5212388615936667447_n.jpg\" alt=\"\" class=\"wp-image-7955\" srcset=\"https:\/\/partediario.com.ar\/wp-content\/uploads\/461774598_942628591228726_5212388615936667447_n.jpg 1024w, https:\/\/partediario.com.ar\/wp-content\/uploads\/461774598_942628591228726_5212388615936667447_n-300x200.jpg 300w, https:\/\/partediario.com.ar\/wp-content\/uploads\/461774598_942628591228726_5212388615936667447_n-768x512.jpg 768w\" sizes=\"auto, (max-width: 1024px) 100vw, 1024px\" \/><\/figure>\n\n\n\n<p><\/p>\n\n\n\n<figure class=\"wp-block-image size-full\"><img loading=\"lazy\" decoding=\"async\" width=\"1024\" height=\"683\" src=\"https:\/\/partediario.com.ar\/wp-content\/uploads\/461935029_942629327895319_3443127037793490263_n.jpg\" alt=\"\" class=\"wp-image-7956\" srcset=\"https:\/\/partediario.com.ar\/wp-content\/uploads\/461935029_942629327895319_3443127037793490263_n.jpg 1024w, https:\/\/partediario.com.ar\/wp-content\/uploads\/461935029_942629327895319_3443127037793490263_n-300x200.jpg 300w, https:\/\/partediario.com.ar\/wp-content\/uploads\/461935029_942629327895319_3443127037793490263_n-768x512.jpg 768w\" sizes=\"auto, (max-width: 1024px) 100vw, 1024px\" \/><\/figure>\n\n\n\n<p><\/p>\n\n\n\n<figure class=\"wp-block-image size-full\"><img loading=\"lazy\" decoding=\"async\" width=\"1024\" height=\"683\" src=\"https:\/\/partediario.com.ar\/wp-content\/uploads\/461868679_942628884562030_8728518819617919194_n.jpg\" alt=\"\" class=\"wp-image-7957\" srcset=\"https:\/\/partediario.com.ar\/wp-content\/uploads\/461868679_942628884562030_8728518819617919194_n.jpg 1024w, https:\/\/partediario.com.ar\/wp-content\/uploads\/461868679_942628884562030_8728518819617919194_n-300x200.jpg 300w, https:\/\/partediario.com.ar\/wp-content\/uploads\/461868679_942628884562030_8728518819617919194_n-768x512.jpg 768w\" sizes=\"auto, (max-width: 1024px) 100vw, 1024px\" \/><\/figure>\n\n\n\n<p><\/p>\n\n\n\n<p>Junto a sus se\u00f1os y profes, realizaron una recorrida por la ciudad, que incluye el Centro C\u00edvico y el Parque Nacional Pre Delta.<\/p>\n\n\n\n<p>desde el municipio agradecieron la visita.<\/p>\n","protected":false},"excerpt":{"rendered":"<p>Este mi&eacute;rcoles recibimos la visita de los chicos de las Escuelas N&ordm; 36 &ldquo;Domingo French&rdquo; y N&ordm; 48 &ldquo;Gral. Jos&eacute; de San Mart&iacute;n&rdquo;, de Costa Grande. Los peque&ntilde;os fueron recibidos por el Presidente Municipal de Diamante, Ezio Gieco, quien los acompa&ntilde;&oacute; a conocer el Palacio Municipal. Junto a sus se&ntilde;os y profes, realizaron una recorrida [&hellip;]<\/p>\n","protected":false},"author":2,"featured_media":7958,"comment_status":"open","ping_status":"open","sticky":false,"template":"","format":"standard","meta":{"footnotes":""},"categories":[3272],"tags":[327,572,1460,3555,996],"class_list":["post-7954","post","type-post","status-publish","format-standard","has-post-thumbnail","hentry","category-municipales","tag-diamante","tag-escuelas","tag-ezio-gieco","tag-palacio","tag-visita"],"_links":{"self":[{"href":"https:\/\/partediario.com.ar\/index.php?rest_route=\/wp\/v2\/posts\/7954","targetHints":{"allow":["GET"]}}],"collection":[{"href":"https:\/\/partediario.com.ar\/index.php?rest_route=\/wp\/v2\/posts"}],"about":[{"href":"https:\/\/partediario.com.ar\/index.php?rest_route=\/wp\/v2\/types\/post"}],"author":[{"embeddable":true,"href":"https:\/\/partediario.com.ar\/index.php?rest_route=\/wp\/v2\/users\/2"}],"replies":[{"embeddable":true,"href":"https:\/\/partediario.com.ar\/index.php?rest_route=%2Fwp%2Fv2%2Fcomments&post=7954"}],"version-history":[{"count":1,"href":"https:\/\/partediario.com.ar\/index.php?rest_route=\/wp\/v2\/posts\/7954\/revisions"}],"predecessor-version":[{"id":7959,"href":"https:\/\/partediario.com.ar\/index.php?rest_route=\/wp\/v2\/posts\/7954\/revisions\/7959"}],"wp:featuredmedia":[{"embeddable":true,"href":"https:\/\/partediario.com.ar\/index.php?rest_route=\/wp\/v2\/media\/7958"}],"wp:attachment":[{"href":"https:\/\/partediario.com.ar\/index.php?rest_route=%2Fwp%2Fv2%2Fmedia&parent=7954"}],"wp:term":[{"taxonomy":"category","embeddable":true,"href":"https:\/\/partediario.com.ar\/index.php?rest_route=%2Fwp%2Fv2%2Fcategories&post=7954"},{"taxonomy":"post_tag","embeddable":true,"href":"https:\/\/partediario.com.ar\/index.php?rest_route=%2Fwp%2Fv2%2Ftags&post=7954"}],"curies":[{"name":"wp","href":"https:\/\/api.w.org\/{rel}","templated":true}]}}