{"id":7976,"date":"2024-10-02T20:55:53","date_gmt":"2024-10-02T23:55:53","guid":{"rendered":"https:\/\/partediario.com.ar\/?p=7976"},"modified":"2024-10-04T14:50:02","modified_gmt":"2024-10-04T17:50:02","slug":"masiva-marcha-federal-universitaria-organizaciones-estudiantes-docentes-y-no-docentes-se-movilizaron-en-todo-el-pais","status":"publish","type":"post","link":"https:\/\/partediario.com.ar\/?p=7976","title":{"rendered":"Masiva Marcha Federal Universitaria: organizaciones, estudiantes, docentes y no docentes se movilizaron en todo el pa\u00eds"},"content":{"rendered":"\n<h3 class=\"wp-block-heading\">Docentes, estudiantes, dirigentes pol\u00edticos y sociales, centrales sindicales y autoconvocados marcharon masivamente este mi\u00e9rcoles 2 de octubre en una nueva edici\u00f3n de la Marcha Federal Universitaria.<\/h3>\n\n\n\n<p>Bajo el lema \u00bb La Universidad no es el problema, es parte de la soluci\u00f3n\u00bb, la movilizaci\u00f3n tuvo su epicentro en las inmediaciones del Congreso Nacional y adem\u00e1s se replic\u00f3 en las ciudades m\u00e1s importantes del pa\u00eds.<\/p>\n\n\n\n<p>La comunidad educativa reclam\u00f3 una mayor inversi\u00f3n en educaci\u00f3n y mejores salarios para docentes y no-docentes. Las primeras estimaciones de CONADU apuntan a que hubo alrededor de un mill\u00f3n de asistentes en la movilizaci\u00f3n en la ciudad de Buenos Aires y m\u00e1s de dos millones de personas en todo el pa\u00eds. Casi simult\u00e1neamente el presidente Javier Milei adelant\u00f3 que vetar\u00e1 la Ley de Financiamiento Universitario aprobada por el Congreso.<\/p>\n\n\n\n<p><\/p>\n\n\n\n<figure class=\"wp-block-image size-large\"><img loading=\"lazy\" decoding=\"async\" width=\"1024\" height=\"683\" src=\"https:\/\/partediario.com.ar\/wp-content\/uploads\/720-1-3-1024x683.webp\" alt=\"\" class=\"wp-image-7979\" srcset=\"https:\/\/partediario.com.ar\/wp-content\/uploads\/720-1-3-1024x683.webp 1024w, https:\/\/partediario.com.ar\/wp-content\/uploads\/720-1-3-300x200.webp 300w, https:\/\/partediario.com.ar\/wp-content\/uploads\/720-1-3-768x512.webp 768w, https:\/\/partediario.com.ar\/wp-content\/uploads\/720-1-3.webp 1079w\" sizes=\"auto, (max-width: 1024px) 100vw, 1024px\" \/><\/figure>\n\n\n\n<p><\/p>\n\n\n\n<p>Una multitud se dio cita en las calles este mi\u00e9rcoles para acompa\u00f1ar a docentes, no docentes y estudiantes en la Marcha Federal Universitaria, en reclamo por mejoras salariales y presupuestarias del sector y como preludio al veto presidencial de Javier Milei a la ley de financiamiento aprobada por el Congreso. En ese contexto, un informe privado se\u00f1ala que el ajuste del Gobierno a las universidades nacionales ya alcanza el 32% en 2024. Por su parte el Ejecutivo insiste en la defensa del equilibrio fiscal.<\/p>\n\n\n\n<p>La segunda movilizaci\u00f3n concentr\u00f3 a decenas de miles de personas en Plaza Congreso, epicentro de la protesta, y en distintos puntos del pa\u00eds como Rosario (Santa Fe) y C\u00f3rdoba capital, en defensa de la educaci\u00f3n universitaria p\u00fablica -uno de los pilares de la sociedad argentina- ante el ajuste que lleva adelante la administraci\u00f3n libertaria en lo que va del a\u00f1o.<\/p>\n\n\n\n<p><\/p>\n\n\n\n<figure class=\"wp-block-image size-full\"><img loading=\"lazy\" decoding=\"async\" width=\"987\" height=\"555\" src=\"https:\/\/partediario.com.ar\/wp-content\/uploads\/marcha-universitaria-1884327.jpg\" alt=\"\" class=\"wp-image-7980\" srcset=\"https:\/\/partediario.com.ar\/wp-content\/uploads\/marcha-universitaria-1884327.jpg 987w, https:\/\/partediario.com.ar\/wp-content\/uploads\/marcha-universitaria-1884327-300x169.jpg 300w, https:\/\/partediario.com.ar\/wp-content\/uploads\/marcha-universitaria-1884327-768x432.jpg 768w\" sizes=\"auto, (max-width: 987px) 100vw, 987px\" \/><\/figure>\n\n\n\n<p><\/p>\n\n\n\n<p>Del mismo modo que en la masiva marcha universitaria del 23 de abril, la presidenta de la Federaci\u00f3n Universitaria Argentina, licenciada en Ciencias Pol\u00edticas, Piera Fern\u00e1ndez de Piccoli, cerr\u00f3 el acto central de la nueva y multitudinaria movilizaci\u00f3n en defensa de la educaci\u00f3n p\u00fablica y en contra el ajuste impulsado por el gobierno de Javier Milei, que entre otras cosas redujo en un 25% el poder adquisitivo de los salarios de los trabajadores docentes y no docentes.<\/p>\n\n\n\n<p>El documento que ley\u00f3 la l\u00edder estudiantil, titulado \u201cLa universidad p\u00fablica, base de la democracia y el desarrollo social, lucha por su supervivencia\u201d, lo firm\u00f3 el Frente Sindical de Universidades Nacionales, la Federaci\u00f3n Universitaria Argentina (FUA) y el Consejo Interuniversitario Nacional (CIN).<\/p>\n\n\n\n<p><strong>El documento completo<\/strong><\/p>\n\n\n\n<div data-wp-interactive=\"core\/file\" class=\"wp-block-file\"><object data-wp-bind--hidden=\"!state.hasPdfPreview\" hidden class=\"wp-block-file__embed\" data=\"https:\/\/partediario.com.ar\/wp-content\/uploads\/documento-marcha.pdf\" type=\"application\/pdf\" style=\"width:100%;height:600px\" aria-label=\"Incrustado de documento marcha.\"><\/object><a id=\"wp-block-file--media-024bfc0b-9112-49aa-9ccc-28ca6825389c\" href=\"https:\/\/partediario.com.ar\/wp-content\/uploads\/documento-marcha.pdf\">documento marcha<\/a><a href=\"https:\/\/partediario.com.ar\/wp-content\/uploads\/documento-marcha.pdf\" class=\"wp-block-file__button wp-element-button\" download aria-describedby=\"wp-block-file--media-024bfc0b-9112-49aa-9ccc-28ca6825389c\">Descarga<\/a><\/div>\n","protected":false},"excerpt":{"rendered":"<p>Docentes, estudiantes, dirigentes pol&iacute;ticos y sociales, centrales sindicales y autoconvocados marcharon masivamente este mi&eacute;rcoles 2 de octubre en una nueva edici&oacute;n de la Marcha Federal Universitaria. Bajo el lema &raquo; La Universidad no es el problema, es parte de la soluci&oacute;n&raquo;, la movilizaci&oacute;n tuvo su epicentro en las inmediaciones del Congreso Nacional y adem&aacute;s se [&hellip;]<\/p>\n","protected":false},"author":2,"featured_media":7978,"comment_status":"open","ping_status":"open","sticky":false,"template":"","format":"standard","meta":{"footnotes":""},"categories":[5,176],"tags":[971,3562,3561],"class_list":["post-7976","post","type-post","status-publish","format-standard","has-post-thumbnail","hentry","category-nacionales","category-politica","tag-marcha","tag-masiva","tag-universitaria"],"_links":{"self":[{"href":"https:\/\/partediario.com.ar\/index.php?rest_route=\/wp\/v2\/posts\/7976","targetHints":{"allow":["GET"]}}],"collection":[{"href":"https:\/\/partediario.com.ar\/index.php?rest_route=\/wp\/v2\/posts"}],"about":[{"href":"https:\/\/partediario.com.ar\/index.php?rest_route=\/wp\/v2\/types\/post"}],"author":[{"embeddable":true,"href":"https:\/\/partediario.com.ar\/index.php?rest_route=\/wp\/v2\/users\/2"}],"replies":[{"embeddable":true,"href":"https:\/\/partediario.com.ar\/index.php?rest_route=%2Fwp%2Fv2%2Fcomments&post=7976"}],"version-history":[{"count":1,"href":"https:\/\/partediario.com.ar\/index.php?rest_route=\/wp\/v2\/posts\/7976\/revisions"}],"predecessor-version":[{"id":7981,"href":"https:\/\/partediario.com.ar\/index.php?rest_route=\/wp\/v2\/posts\/7976\/revisions\/7981"}],"wp:featuredmedia":[{"embeddable":true,"href":"https:\/\/partediario.com.ar\/index.php?rest_route=\/wp\/v2\/media\/7978"}],"wp:attachment":[{"href":"https:\/\/partediario.com.ar\/index.php?rest_route=%2Fwp%2Fv2%2Fmedia&parent=7976"}],"wp:term":[{"taxonomy":"category","embeddable":true,"href":"https:\/\/partediario.com.ar\/index.php?rest_route=%2Fwp%2Fv2%2Fcategories&post=7976"},{"taxonomy":"post_tag","embeddable":true,"href":"https:\/\/partediario.com.ar\/index.php?rest_route=%2Fwp%2Fv2%2Ftags&post=7976"}],"curies":[{"name":"wp","href":"https:\/\/api.w.org\/{rel}","templated":true}]}}