{"id":7985,"date":"2024-10-03T12:14:49","date_gmt":"2024-10-03T15:14:49","guid":{"rendered":"https:\/\/partediario.com.ar\/?p=7985"},"modified":"2024-10-04T14:49:57","modified_gmt":"2024-10-04T17:49:57","slug":"milei-veto-la-ley-de-financiamiento-universitario","status":"publish","type":"post","link":"https:\/\/partediario.com.ar\/?p=7985","title":{"rendered":"Milei vet\u00f3 la Ley de Financiamiento Universitario"},"content":{"rendered":"\n<h3 class=\"wp-block-heading\">Apenas finalizada la Marcha Federal Universitaria y en el l\u00edmite del plazo para hacerlo, el presidente vet\u00f3 la normativa que aumentaba el presupuesto para la educaci\u00f3n superior. Ahora es el turno del Congreso.<\/h3>\n\n\n\n<p>El presidente Javier Milei vet\u00f3, como hab\u00eda adelantado, la Ley de Financiamiento Universitario que hab\u00eda aprobado el Congreso mediante sus dos c\u00e1maras. La medida presidencial anunciada hab\u00eda motivado, entre otros reclamos, la Marcha Federal Universitaria que se llev\u00f3 a cabo este mi\u00e9rcoles en todo el pa\u00eds.<\/p>\n\n\n\n<p>La anulaci\u00f3n de la ley fue publicada este jueves en el Bolet\u00edn Oficial, el \u00faltimo d\u00eda del plazo que ten\u00eda el Gobierno, y a partir de ahora debe volver al Congreso. Los legisladores deber\u00e1n decidir si sostienen la ley o avalan el veto, como pas\u00f3 recientemente con la ley de Movilidad Jubilatoria, tambi\u00e9n vetada.<\/p>\n\n\n\n<p>La ley de Financiamiento ten\u00eda por objeto \u201cgarantizar la protecci\u00f3n y el sostenimiento del financiamiento de las Universidades Nacionales\u201d durante 2024 y determinaba que el Ejecutivo nacional deber\u00eda actualizar las partidas presupuestarias del a\u00f1o con el fin de garantizar el financiamiento.<\/p>\n\n\n\n<p>Se deb\u00eda actualizar al 1\u00b0 de enero el monto de los gastos de funcionamiento y de salarios de las Universidades Nacionales por la variaci\u00f3n anual del a\u00f1o 2023 del \u00cdndice de Precios al Consumidor (IPC) del INDEC. La f\u00f3rmula de aumento deb\u00eda sostenerse hasta el 31 de diciembre de este a\u00f1o, de forma bimestral.<\/p>\n\n\n\n<p>Entre sus argumentos, el veto del presidente -que firm\u00f3 el gabinete completo- considera que el proyecto de ley \u201cno pretende defender ni garantizar la protecci\u00f3n y el sostenimiento del financiamiento de las Universidades Nacionales, sino que procura da\u00f1ar al gobierno pol\u00edticamente\u201d.<\/p>\n\n\n\n<p>Y apunta que, en todo caso, \u201cel financiamiento debe ser discutido al momento de sancionarse el Presupuesto Nacional\u201d.<\/p>\n\n\n\n<p>Adem\u00e1s, recuerda el lema del Gobierno de \u201clograr el equilibrio fiscal\u201d y alecciona: \u201cLa econom\u00eda tiene reglas claras y la primera de ellas es que no se puede gastar m\u00e1s de lo que ingresa\u201d.<\/p>\n\n\n\n<p><strong>Los fundamentos del veto<\/strong><\/p>\n\n\n\n<p>De acuedo a los argumentos del presidente, el proyecto de ley es \u201cmanifiestamente violatorio del marco jur\u00eddico vigente\u201d, en tanto no contempla el impacto fiscal de la medida ni la fuente de su financiamiento. Y cita la Ley de Administraci\u00f3n Financiera y de los Sistemas de Control del Sector P\u00fablico Nacional, que exige que \u201ctoda ley que autorice gastos no previstos en el presupuesto general deber\u00e1 especificar las fuentes de los recursos a utilizar\u201d.<\/p>\n\n\n\n<p>El mandatario justific\u00f3 adem\u00e1s que el Poder Legislativo \u201cdebe actuar con sensatez institucional, de forma responsable\u201d y \u201cno emitir disposiciones cuya aplicaci\u00f3n sea inconveniente para las cuentas p\u00fablicas\u201d.<\/p>\n\n\n\n<p>El veto de Milei indica que la implementaci\u00f3n de la ley demandar\u00eda aportes adicionales del Tesoro e implicar\u00eda incrementar el presupuesto vigente en unos $252.000 millones para gastos de funcionamiento y $811.000 millones para salarios, sin contar los aumentos que luego requerir\u00eda la actualizaci\u00f3n entre septiembre y diciembre.<\/p>\n\n\n\n<p>El texto oficial reconoce que la recomposici\u00f3n salarial en las universidades sum\u00f3 87% entre diciembre de 2023 y agosto de 2024, mientras que la inflaci\u00f3n medida por el INDEC para ese per\u00edodo alcanza un 144%.<\/p>\n\n\n\n<p>Aunque se\u00f1ala que el resto de los trabajadores estatales percibieron un incremento menor y la medida sancionada establecer\u00eda \u201cun privilegio\u201d para el personal de las Universidades, por lo que los incrementos salariales deben tener lugar a trav\u00e9s de la negociaci\u00f3n colectiva de trabajo.<\/p>\n\n\n\n<p>Finalmente, tras recordar que el veto es un instrumento constitucional, concluye que corresponde \u201cobservar totalmente\u201d el proyecto de ley y devolverlo al Congreso.<\/p>\n\n\n\n<p><strong>Qu\u00e9 se\u00f1alaba la ley<\/strong><\/p>\n\n\n\n<p>La legislaci\u00f3n ordenaba al Ejecutivo recomponer los salarios docentes y no docentes a partir del 1\u00b0 de diciembre de 2023 y hasta el mes de sanci\u00f3n de la ley (septiembre) seg\u00fan la inflaci\u00f3n acumulada del per\u00edodo, y actualizarlos de forma mensual conforme a este \u00edndice de precios hasta el 31 de diciembre.<\/p>\n\n\n\n<p>Esta f\u00f3rmula no ser\u00eda de aplicaci\u00f3n siempre y cuando las paritarias del sector docente y no docente en 2024 fueran acordadas y rubricadas por el Ejecutivo y las federaciones que representan a los trabajadores de la educaci\u00f3n superior y las escuelas pre universitarias.<\/p>\n\n\n\n<p>Asimismo, se establec\u00eda que la Auditor\u00eda General de la Naci\u00f3n realizar\u00eda las auditor\u00edas correspondientes conforme a la Ley de Educaci\u00f3n Superior, con informes al Congreso.<\/p>\n\n\n\n<p>Adem\u00e1s se implementaba la ampliaci\u00f3n anual y progresiva del monto y el n\u00famero de beneficiarios de las becas estudiantiles.<\/p>\n","protected":false},"excerpt":{"rendered":"<p>Apenas finalizada la Marcha Federal Universitaria y en el l&iacute;mite del plazo para hacerlo, el presidente vet&oacute; la normativa que aumentaba el presupuesto para la educaci&oacute;n superior. Ahora es el turno del Congreso. El presidente Javier Milei vet&oacute;, como hab&iacute;a adelantado, la Ley de Financiamiento Universitario que hab&iacute;a aprobado el Congreso mediante sus dos c&aacute;maras. [&hellip;]<\/p>\n","protected":false},"author":2,"featured_media":7986,"comment_status":"open","ping_status":"open","sticky":false,"template":"","format":"standard","meta":{"footnotes":""},"categories":[5,176],"tags":[229,2807,232,1160,3197,2779],"class_list":["post-7985","post","type-post","status-publish","format-standard","has-post-thumbnail","hentry","category-nacionales","category-politica","tag-congreso","tag-financiamiento","tag-javier-milei","tag-ley","tag-universitario","tag-veto"],"_links":{"self":[{"href":"https:\/\/partediario.com.ar\/index.php?rest_route=\/wp\/v2\/posts\/7985","targetHints":{"allow":["GET"]}}],"collection":[{"href":"https:\/\/partediario.com.ar\/index.php?rest_route=\/wp\/v2\/posts"}],"about":[{"href":"https:\/\/partediario.com.ar\/index.php?rest_route=\/wp\/v2\/types\/post"}],"author":[{"embeddable":true,"href":"https:\/\/partediario.com.ar\/index.php?rest_route=\/wp\/v2\/users\/2"}],"replies":[{"embeddable":true,"href":"https:\/\/partediario.com.ar\/index.php?rest_route=%2Fwp%2Fv2%2Fcomments&post=7985"}],"version-history":[{"count":1,"href":"https:\/\/partediario.com.ar\/index.php?rest_route=\/wp\/v2\/posts\/7985\/revisions"}],"predecessor-version":[{"id":7987,"href":"https:\/\/partediario.com.ar\/index.php?rest_route=\/wp\/v2\/posts\/7985\/revisions\/7987"}],"wp:featuredmedia":[{"embeddable":true,"href":"https:\/\/partediario.com.ar\/index.php?rest_route=\/wp\/v2\/media\/7986"}],"wp:attachment":[{"href":"https:\/\/partediario.com.ar\/index.php?rest_route=%2Fwp%2Fv2%2Fmedia&parent=7985"}],"wp:term":[{"taxonomy":"category","embeddable":true,"href":"https:\/\/partediario.com.ar\/index.php?rest_route=%2Fwp%2Fv2%2Fcategories&post=7985"},{"taxonomy":"post_tag","embeddable":true,"href":"https:\/\/partediario.com.ar\/index.php?rest_route=%2Fwp%2Fv2%2Ftags&post=7985"}],"curies":[{"name":"wp","href":"https:\/\/api.w.org\/{rel}","templated":true}]}}