{"id":7998,"date":"2024-10-03T18:38:03","date_gmt":"2024-10-03T21:38:03","guid":{"rendered":"https:\/\/partediario.com.ar\/?p=7998"},"modified":"2024-10-04T14:49:43","modified_gmt":"2024-10-04T17:49:43","slug":"macri-reunio-a-senadores-pro-tras-que-milei-oficializara-el-veto-a-la-ley-de-financiamiento-universitario","status":"publish","type":"post","link":"https:\/\/partediario.com.ar\/?p=7998","title":{"rendered":"Macri reuni\u00f3 a senadores PRO, tras que Milei oficializara el veto a la Ley de Financiamiento Universitario"},"content":{"rendered":"\n<h3 class=\"wp-block-heading\">El ex presidente Mauricio Macri reuni\u00f3 a siete de los ocho senadores del PRO para unificar postura en esa bancada luego que el gobierno de Javier Milei oficializara el veto a la ley de financiamiento universitario.<\/h3>\n\n\n\n<p>Macri busca demostrar la cuota de poder que a\u00fan sostiene en el Poder Legislativo, en este caso en la C\u00e1mara de senadores, luego de haberle dado luz verde anteriormente a los diputados del PRO para que avanzaran contra el DNU que le otorgaba fondos millonarios a la SIDE, y que termin\u00f3 de caer en el C\u00e1mara alta.<\/p>\n\n\n\n<p><\/p>\n\n\n\n<blockquote class=\"twitter-tweet\"><p lang=\"es\" dir=\"ltr\">Nos reunimos con <a href=\"https:\/\/twitter.com\/mauriciomacri?ref_src=twsrc%5Etfw\">@mauriciomacri<\/a> para conversar sobre la agenda legislativa y los desaf\u00edos que enfrenta el pa\u00eds.<br>Estamos convencidos de que el camino hacia un pa\u00eds mejor se construye a partir del respeto por las instituciones, la cultura del trabajo y la responsabilidad fiscal. <a href=\"https:\/\/t.co\/4Xr5jQkNoa\">pic.twitter.com\/4Xr5jQkNoa<\/a><\/p>&mdash; Frente PRO Senadores (@prosenadores) <a href=\"https:\/\/twitter.com\/prosenadores\/status\/1841852366263378242?ref_src=twsrc%5Etfw\">October 3, 2024<\/a><\/blockquote> <script async src=\"https:\/\/platform.twitter.com\/widgets.js\" charset=\"utf-8\"><\/script>\n\n\n\n<p><\/p>\n\n\n\n<p>La nueva foto de Macri se da en medio de la convocatoria de bloques dialoguistas y Uni\u00f3n por la Patria (UxP) en la C\u00e1mara de Diputados a una sesi\u00f3n especial para el pr\u00f3ximo mi\u00e9rcoles a las 11 para rechazar el decreto presidencial a la ley de financiamiento universitario.<\/p>\n\n\n\n<p>Del encuentro participaron el titular del PRO en el Senado, Luis Juez (C\u00f3rdoba); Beatriz \u00c1vila (Tucum\u00e1n); Carmen \u00c1lvarez Rivero (C\u00f3rdoba); Victoria Huala (La Pampa); Alfredo De Angeli (Entre R\u00edos); Mart\u00edn Goerling Lara (Misiones) y Andrea Cristina (Chubut), que se incorpor\u00f3 la semana pasada al bloque.<\/p>\n\n\n\n<p>El faltazo se dio por parte de Guadalupe Tagliaferri por cuestiones de agenda, seg\u00fan especific\u00f3 la senadora y titular de la Comisi\u00f3n de Acuerdos. Este mi\u00e9rcoles, Tagliaferri fue a la marcha y se mostr\u00f3 junto al ex jefe de Gobierno Horacio Rodr\u00edguez Larreta; adem\u00e1s, hab\u00eda votado a favor de la ley de financiamiento universitario que vet\u00f3 Milei, al igual que Juez.<\/p>\n\n\n\n<p>De los seis presentes este jueves, \u00fanicamente tres votaron contra ese proyecto en su paso por el hemiciclo senatorial: \u00c1lvarez Rivero, De Angeli y Goerling Lara. Mientras que Cristina acompa\u00f1\u00f3 el proyecto en general, pero rechaz\u00f3 algunos art\u00edculos en particular; mientras que Huala se inclin\u00f3 por la abstenci\u00f3n.<\/p>\n","protected":false},"excerpt":{"rendered":"<p>El ex presidente Mauricio Macri reuni&oacute; a siete de los ocho senadores del PRO para unificar postura en esa bancada luego que el gobierno de Javier Milei oficializara el veto a la ley de financiamiento universitario. Macri busca demostrar la cuota de poder que a&uacute;n sostiene en el Poder Legislativo, en este caso en la [&hellip;]<\/p>\n","protected":false},"author":2,"featured_media":7999,"comment_status":"open","ping_status":"open","sticky":false,"template":"","format":"standard","meta":{"footnotes":""},"categories":[5,176],"tags":[232,1101,2062,373,1445],"class_list":["post-7998","post","type-post","status-publish","format-standard","has-post-thumbnail","hentry","category-nacionales","category-politica","tag-javier-milei","tag-mauricio-macri","tag-pro","tag-reunion","tag-senadores"],"_links":{"self":[{"href":"https:\/\/partediario.com.ar\/index.php?rest_route=\/wp\/v2\/posts\/7998","targetHints":{"allow":["GET"]}}],"collection":[{"href":"https:\/\/partediario.com.ar\/index.php?rest_route=\/wp\/v2\/posts"}],"about":[{"href":"https:\/\/partediario.com.ar\/index.php?rest_route=\/wp\/v2\/types\/post"}],"author":[{"embeddable":true,"href":"https:\/\/partediario.com.ar\/index.php?rest_route=\/wp\/v2\/users\/2"}],"replies":[{"embeddable":true,"href":"https:\/\/partediario.com.ar\/index.php?rest_route=%2Fwp%2Fv2%2Fcomments&post=7998"}],"version-history":[{"count":1,"href":"https:\/\/partediario.com.ar\/index.php?rest_route=\/wp\/v2\/posts\/7998\/revisions"}],"predecessor-version":[{"id":8000,"href":"https:\/\/partediario.com.ar\/index.php?rest_route=\/wp\/v2\/posts\/7998\/revisions\/8000"}],"wp:featuredmedia":[{"embeddable":true,"href":"https:\/\/partediario.com.ar\/index.php?rest_route=\/wp\/v2\/media\/7999"}],"wp:attachment":[{"href":"https:\/\/partediario.com.ar\/index.php?rest_route=%2Fwp%2Fv2%2Fmedia&parent=7998"}],"wp:term":[{"taxonomy":"category","embeddable":true,"href":"https:\/\/partediario.com.ar\/index.php?rest_route=%2Fwp%2Fv2%2Fcategories&post=7998"},{"taxonomy":"post_tag","embeddable":true,"href":"https:\/\/partediario.com.ar\/index.php?rest_route=%2Fwp%2Fv2%2Ftags&post=7998"}],"curies":[{"name":"wp","href":"https:\/\/api.w.org\/{rel}","templated":true}]}}