{"id":8008,"date":"2024-10-03T19:54:12","date_gmt":"2024-10-03T22:54:12","guid":{"rendered":"https:\/\/partediario.com.ar\/?p=8008"},"modified":"2024-10-14T20:21:51","modified_gmt":"2024-10-14T23:21:51","slug":"desaparecio-nina-de-8-anos-en-quilmes","status":"publish","type":"post","link":"https:\/\/partediario.com.ar\/?p=8008","title":{"rendered":"Desapareci\u00f3 ni\u00f1a de 8 a\u00f1os en Quilmes"},"content":{"rendered":"\n<h3 class=\"wp-block-heading\">Buscan intensamente a una ni\u00f1a de 8 a\u00f1os que desapareci\u00f3 en la localidad de Quilmes.<\/h3>\n\n\n\n<p>Lucila Nicole Ballarino tiene 8 a\u00f1os, desapareci\u00f3 el 17\/9\/24 en Quilmes, provincia de Buenos Aires.<\/p>\n\n\n\n<p><\/p>\n\n\n\n<figure class=\"wp-block-image size-full\"><img loading=\"lazy\" decoding=\"async\" width=\"400\" height=\"400\" src=\"https:\/\/partediario.com.ar\/wp-content\/uploads\/ballarino.jpg\" alt=\"\" class=\"wp-image-8009\" srcset=\"https:\/\/partediario.com.ar\/wp-content\/uploads\/ballarino.jpg 400w, https:\/\/partediario.com.ar\/wp-content\/uploads\/ballarino-300x300.jpg 300w, https:\/\/partediario.com.ar\/wp-content\/uploads\/ballarino-150x150.jpg 150w\" sizes=\"auto, (max-width: 400px) 100vw, 400px\" \/><\/figure>\n\n\n\n<p><\/p>\n\n\n\n<p>Se hizo efectiviz\u00f3 la denuncia por parte de familiares. Ruegan viralizar la imagen y si la ven avisar en forma urgente a la polic\u00eda local, o al 911.<\/p>\n","protected":false},"excerpt":{"rendered":"<p>Buscan intensamente a una ni&ntilde;a de 8 a&ntilde;os que desapareci&oacute; en la localidad de Quilmes. Lucila Nicole Ballarino tiene 8 a&ntilde;os, desapareci&oacute; el 17\/9\/24 en Quilmes, provincia de Buenos Aires. Se hizo efectiviz&oacute; la denuncia por parte de familiares. Ruegan viralizar la imagen y si la ven avisar en forma urgente a la polic&iacute;a local, [&hellip;]<\/p>\n","protected":false},"author":2,"featured_media":8010,"comment_status":"open","ping_status":"open","sticky":false,"template":"","format":"standard","meta":{"footnotes":""},"categories":[5,7],"tags":[449,3577,3576],"class_list":["post-8008","post","type-post","status-publish","format-standard","has-post-thumbnail","hentry","category-nacionales","category-policiales","tag-busqueda","tag-lucila-nicole-ballarino","tag-quilmes"],"_links":{"self":[{"href":"https:\/\/partediario.com.ar\/index.php?rest_route=\/wp\/v2\/posts\/8008","targetHints":{"allow":["GET"]}}],"collection":[{"href":"https:\/\/partediario.com.ar\/index.php?rest_route=\/wp\/v2\/posts"}],"about":[{"href":"https:\/\/partediario.com.ar\/index.php?rest_route=\/wp\/v2\/types\/post"}],"author":[{"embeddable":true,"href":"https:\/\/partediario.com.ar\/index.php?rest_route=\/wp\/v2\/users\/2"}],"replies":[{"embeddable":true,"href":"https:\/\/partediario.com.ar\/index.php?rest_route=%2Fwp%2Fv2%2Fcomments&post=8008"}],"version-history":[{"count":1,"href":"https:\/\/partediario.com.ar\/index.php?rest_route=\/wp\/v2\/posts\/8008\/revisions"}],"predecessor-version":[{"id":8011,"href":"https:\/\/partediario.com.ar\/index.php?rest_route=\/wp\/v2\/posts\/8008\/revisions\/8011"}],"wp:featuredmedia":[{"embeddable":true,"href":"https:\/\/partediario.com.ar\/index.php?rest_route=\/wp\/v2\/media\/8010"}],"wp:attachment":[{"href":"https:\/\/partediario.com.ar\/index.php?rest_route=%2Fwp%2Fv2%2Fmedia&parent=8008"}],"wp:term":[{"taxonomy":"category","embeddable":true,"href":"https:\/\/partediario.com.ar\/index.php?rest_route=%2Fwp%2Fv2%2Fcategories&post=8008"},{"taxonomy":"post_tag","embeddable":true,"href":"https:\/\/partediario.com.ar\/index.php?rest_route=%2Fwp%2Fv2%2Ftags&post=8008"}],"curies":[{"name":"wp","href":"https:\/\/api.w.org\/{rel}","templated":true}]}}