{"id":8024,"date":"2024-10-04T10:57:59","date_gmt":"2024-10-04T13:57:59","guid":{"rendered":"https:\/\/partediario.com.ar\/?p=8024"},"modified":"2024-10-04T10:57:59","modified_gmt":"2024-10-04T13:57:59","slug":"senado-de-entre-rios-aluani-encabezo-el-acto-de-apertura-de-la-capacitacion-en-control-publico","status":"publish","type":"post","link":"https:\/\/partediario.com.ar\/?p=8024","title":{"rendered":"Senado de Entre R\u00edos: Aluani encabez\u00f3 el acto de apertura de la Capacitaci\u00f3n en Control P\u00fablico"},"content":{"rendered":"\n<h3 class=\"wp-block-heading\">La vicegobernadora Alicia Aluani estuvo presente en la ceremonia de apertura de la nueva iniciativa que impulsa el Instituto de Formaci\u00f3n Legislativa. La actividad se realiz\u00f3 este jueves en el Centro de Convenciones de Villaguay.<\/h3>\n\n\n\n<p>La vicegobernadora de Entre R\u00edos, Alicia Aluani, particip\u00f3 del acto de apertura de la Capacitaci\u00f3n en Control P\u00fablico destinada a quienes cumplen responsabilidades institucionales y a los equipos t\u00e9cnicos de los municipios entrerrianos.<\/p>\n\n\n\n<p>Al hacer uso de la palabra, Aluani agradeci\u00f3 a todos los presentes por el c\u00e1lido recibimiento y valor\u00f3 la importancia de esta nueva instancia formativa. \u201cEsta capacitaci\u00f3n es muy importante porque nos lleva a tomar conciencia del control p\u00fablico y lo importante que es para nuestra gesti\u00f3n\u201d, expres\u00f3 la vicegobernadora al inicio de su discurso.<\/p>\n\n\n\n<p>En este sentido, expres\u00f3: \u201cQuiero agradecerles y destacar esta iniciativa porque este trabajo que no ser\u00eda posible sin el compromiso y la dedicaci\u00f3n del equipo del Instituto de Formaci\u00f3n Legislativa de la Vicegobernaci\u00f3n, del Ministerio de Gobierno y del Tribunal de Cuentas conjuntamente con los municipios y comunas de la provincia\u201d.<\/p>\n\n\n\n<p>Para Aluani, la capacitaci\u00f3n en control p\u00fablico \u201ces muy importante como as\u00ed tambi\u00e9n recuperar la confianza y el respecto que deben tener los ciudadanos hacia las instituciones. Y este es el puntapi\u00e9 de lograr ese efecto. Cada uno de ustedes lo har\u00e1 en sus territorios, ustedes ser\u00e1n los art\u00edfices de que esto realmente se lleve a cabo y se concrete. A trav\u00e9s de las herramientas que van a adquirir durante la capacitaci\u00f3n podr\u00e1n mostrar a la poblaci\u00f3n y que puedan volver a creer en nosotros, para volver a tener un gobierno realmente confiable, digno, transparente y eficiente en gesti\u00f3n p\u00fablica\u201d, afirm\u00f3.<\/p>\n\n\n\n<p>Y continu\u00f3: \u201cNos toca gobernar en \u00e9pocas muy dif\u00edciles, en un contexto macroecon\u00f3mico complejo, pero no imposible. Ustedes saben la poblaci\u00f3n est\u00e1 cada vez m\u00e1s demandante de que nosotros tengamos las cuentas claras y nos demos a conocer. Y este es el puntapi\u00e9 para empezar ese caminito, a trav\u00e9s de la capacitaci\u00f3n, a trav\u00e9s de ustedes involucrarse para poder hacer esta gesti\u00f3n buena, transparente, con responsabilidad, con eficacia y eficiencia\u201d, ratific\u00f3 la vicegobernadora dese\u00e1ndoles a los presentes una hermosa jornada de trabajo.<\/p>\n\n\n\n<p>Por su parte, el intendente de Villaguay, Adri\u00e1n Fuertes, agradeci\u00f3 la presencia de la vicegobernadora en su ciudad y destac\u00f3 la importancia del desarrollo de las capacitaciones destinadas a municipios y comunas de la provincia. Consider\u00f3: \u201cEste tipo de pol\u00edtica del Tribunal de Cuenta, que no solo nos audita, sino que tambi\u00e9n nos capacita, nos explica y comparte la utilizaci\u00f3n adecuada de los recursos p\u00fablicos en una ciudad, que cada vez nos exige m\u00e1s transparencia y responsabilidad, es muy importante\u201d, subray\u00f3.<br>En este sentido, Fuertes valor\u00f3 el acompa\u00f1amiento el Instituto de Formaci\u00f3n Legislativa conjuntamente con el Senado Provincial: \u201cUno tiene el respaldo y la seguridad de tener instituciones que nos ayudan a cumplir nuestra funci\u00f3n acabadamente, con la certeza y la seriedad\u201d.<\/p>\n\n\n\n<p>En tanto, el presidente del Tribunal de Cuentas, Diego Lara, expres\u00f3 que \u201ces una instancia valorable\u201d para la entidad ya que \u201csale al encuentro de un conjunto importante de responsables renditivos, que tienen que rendir cuenta de la inversi\u00f3n de los fondos p\u00fablicos\u201d y que \u201cson 83 municipios en todo el territorio de la provincia y el Tribunal tiene que atender esta particularidad y lo hace capacitando, lo hace poni\u00e9ndose a disposici\u00f3n permanentemente con los equipos t\u00e9cnicos para buscar un objetivo en com\u00fan que tenemos, que es lograr que los recursos de los habitantes de cada localidad de la provincia de Entre R\u00edos, sean invertidos de manera transparente, que es en definitiva una de las premisas que la sociedad actual demanda\u201d.<\/p>\n\n\n\n<p><strong>Instancia Formativa<\/strong><\/p>\n\n\n\n<p>La capacitaci\u00f3n en Control P\u00fablico surge de la articulaci\u00f3n entre el Instituto de Formaci\u00f3n Legislativa dependiente de la Vicegobernaci\u00f3n de Entre R\u00edos, el Tribunal de Cuentas de Entre R\u00edos, el Ministerio de Gobierno y Trabajo y el Ministerio de Planeamiento, Infraestructura y Servicios del Gobierno de Entre R\u00edos.<\/p>\n\n\n\n<p>Esta instancia de formaci\u00f3n no solo representa una oportunidad de aprendizaje, sino que tambi\u00e9n busca garantizar mecanismos efectivos que aseguren la transparencia en la gesti\u00f3n, promoviendo una administraci\u00f3n p\u00fablica m\u00e1s abierta y accesible. Est\u00e1 destinada a quienes cumplen responsabilidades institucionales y a los equipos t\u00e9cnicos, con la finalidad de dotarlos de herramientas y conocimientos que les permitan desempe\u00f1ar sus funciones de manera m\u00e1s efectiva y responsable.<\/p>\n\n\n\n<p><strong>Presencias<\/strong><\/p>\n\n\n\n<p>Junto a la vicegobernadora de la Provincia, Alicia Aluani, participaron del acto, la coordinadora del Instituto de Formaci\u00f3n Legislativa, Ivana Balbi; el intendente y la viceintendente de Villaguay, Adri\u00e1n Fuertes y Diana Baccaro; las diputadas provinciales Susana P\u00e9rez y Mariana Bentos; el presidente del Tribunal de Cuentas, Diego Lara; el secretario de Gobiernos Locales, Miguel \u00c1ngel Heft; autoridades del Ministerio de Gobierno y Trabajo, y presidentes municipales.<\/p>\n","protected":false},"excerpt":{"rendered":"<p>La vicegobernadora Alicia Aluani estuvo presente en la ceremonia de apertura de la nueva iniciativa que impulsa el Instituto de Formaci&oacute;n Legislativa. La actividad se realiz&oacute; este jueves en el Centro de Convenciones de Villaguay. La vicegobernadora de Entre R&iacute;os, Alicia Aluani, particip&oacute; del acto de apertura de la Capacitaci&oacute;n en Control P&uacute;blico destinada a [&hellip;]<\/p>\n","protected":false},"author":2,"featured_media":8025,"comment_status":"open","ping_status":"open","sticky":false,"template":"","format":"standard","meta":{"footnotes":""},"categories":[8],"tags":[944,1241,3580,257,230,547],"class_list":["post-8024","post","type-post","status-publish","format-standard","has-post-thumbnail","hentry","category-provinciales","tag-alicia-aluani","tag-capacitacion","tag-control-publico","tag-entre-rios","tag-senado","tag-villaguay"],"_links":{"self":[{"href":"https:\/\/partediario.com.ar\/index.php?rest_route=\/wp\/v2\/posts\/8024","targetHints":{"allow":["GET"]}}],"collection":[{"href":"https:\/\/partediario.com.ar\/index.php?rest_route=\/wp\/v2\/posts"}],"about":[{"href":"https:\/\/partediario.com.ar\/index.php?rest_route=\/wp\/v2\/types\/post"}],"author":[{"embeddable":true,"href":"https:\/\/partediario.com.ar\/index.php?rest_route=\/wp\/v2\/users\/2"}],"replies":[{"embeddable":true,"href":"https:\/\/partediario.com.ar\/index.php?rest_route=%2Fwp%2Fv2%2Fcomments&post=8024"}],"version-history":[{"count":1,"href":"https:\/\/partediario.com.ar\/index.php?rest_route=\/wp\/v2\/posts\/8024\/revisions"}],"predecessor-version":[{"id":8026,"href":"https:\/\/partediario.com.ar\/index.php?rest_route=\/wp\/v2\/posts\/8024\/revisions\/8026"}],"wp:featuredmedia":[{"embeddable":true,"href":"https:\/\/partediario.com.ar\/index.php?rest_route=\/wp\/v2\/media\/8025"}],"wp:attachment":[{"href":"https:\/\/partediario.com.ar\/index.php?rest_route=%2Fwp%2Fv2%2Fmedia&parent=8024"}],"wp:term":[{"taxonomy":"category","embeddable":true,"href":"https:\/\/partediario.com.ar\/index.php?rest_route=%2Fwp%2Fv2%2Fcategories&post=8024"},{"taxonomy":"post_tag","embeddable":true,"href":"https:\/\/partediario.com.ar\/index.php?rest_route=%2Fwp%2Fv2%2Ftags&post=8024"}],"curies":[{"name":"wp","href":"https:\/\/api.w.org\/{rel}","templated":true}]}}