{"id":8032,"date":"2024-10-04T11:57:38","date_gmt":"2024-10-04T14:57:38","guid":{"rendered":"https:\/\/partediario.com.ar\/?p=8032"},"modified":"2024-10-05T12:36:43","modified_gmt":"2024-10-05T15:36:43","slug":"cerca-de-200-allanamientos-a-los-depositos-de-manteros-en-once","status":"publish","type":"post","link":"https:\/\/partediario.com.ar\/?p=8032","title":{"rendered":"Cerca de 200 allanamientos a los dep\u00f3sitos de manteros en Once"},"content":{"rendered":"\n<h3 class=\"wp-block-heading\">Los dep\u00f3sitos de manteros en el barrio porte\u00f1o de Once fueron allanados por m\u00e1s de 500 efectivos de la Polic\u00eda de la Ciudad, se llevaron a cabo alrededor de 200 pesquisas en la zona y Jorge Macri dijo que \u00abse termin\u00f3 la joda\u00bb.<\/h3>\n\n\n\n<p>Seg\u00fan lo informado por fuentes policiales de la Ciudad, este viernes por la ma\u00f1ana comenz\u00f3 un amplio operativo \u201cdentro del pol\u00edgono conformado por las calles Pueyrred\u00f3n, Rivadavia, Corrientes y Pasteur\u201d.<\/p>\n\n\n\n<p>Las 197 pesquisas se llevaron a cabo tras una ardua investigaci\u00f3n por parte del Ministerio de Seguridad porte\u00f1o que dur\u00f3 m\u00e1s de cinco meses. Del acto procesal \u201cparticiparon m\u00e1s de 500 efectivos entre los allanamientos y el operativo de prevenci\u00f3n de la venta ilegal en la zona\u201d.<\/p>\n\n\n\n<p>Interviene la Fiscal\u00eda Flagrancias Este a cargo del Dr. Tropea, Auxiliar Fiscal Dr. Almeida, Juzgado Penal, Contravencional y de Faltas N\u00b026 a cargo del Dr. Repetto.<\/p>\n\n\n\n<p><\/p>\n\n\n\n<figure class=\"wp-block-image size-full is-resized\"><img loading=\"lazy\" decoding=\"async\" width=\"540\" height=\"360\" src=\"https:\/\/partediario.com.ar\/wp-content\/uploads\/360-3.webp\" alt=\"\" class=\"wp-image-8033\" style=\"width:840px;height:auto\" srcset=\"https:\/\/partediario.com.ar\/wp-content\/uploads\/360-3.webp 540w, https:\/\/partediario.com.ar\/wp-content\/uploads\/360-3-300x200.webp 300w\" sizes=\"auto, (max-width: 540px) 100vw, 540px\" \/><figcaption class=\"wp-element-caption\"><strong>Cr\u00e9dito NA.<\/strong><\/figcaption><\/figure>\n\n\n\n<p><\/p>\n\n\n\n<p>Si bien aun resta realizar el conteo final de la mercader\u00eda secuestrada en los diferentes allanamientos, a comienzos de la ma\u00f1ana fueron contabilizados casi 200 bultos de mercader\u00eda ap\u00f3crifa.<\/p>\n\n\n\n<p><\/p>\n\n\n\n<figure class=\"wp-block-image size-full\"><img loading=\"lazy\" decoding=\"async\" width=\"540\" height=\"360\" src=\"https:\/\/partediario.com.ar\/wp-content\/uploads\/360-1-1.webp\" alt=\"\" class=\"wp-image-8034\" srcset=\"https:\/\/partediario.com.ar\/wp-content\/uploads\/360-1-1.webp 540w, https:\/\/partediario.com.ar\/wp-content\/uploads\/360-1-1-300x200.webp 300w\" sizes=\"auto, (max-width: 540px) 100vw, 540px\" \/><figcaption class=\"wp-element-caption\"><strong>Cr\u00e9dito NA.<\/strong><\/figcaption><\/figure>\n\n\n\n<p><\/p>\n\n\n\n<p>\u201cEn Once se termin\u00f3 la joda. Le acabamos de dar un golpe dur\u00edsimo a la mafia que inundaba de suciedad y trabajo esclavo las calles de Once. Recuperar la libertad tambi\u00e9n es esto: hacer cumplir la ley. \u00a1Felicitaciones a los 600 Polic\u00edas de la Ciudad que pusieron el pecho!\u00bb, afirm\u00f3 el jefe de Gobierno Jorge Macri.<\/p>\n\n\n\n<p>\u201cHicimos allanamientos en 23 parcelas y secuestramos elementos\u201d, detall\u00f3 Waldo Wolff, ministro de Seguridad porte\u00f1o.<\/p>\n\n\n\n<p>Por su parte Diego Kravetz, el funcionario subray\u00f3 que se logr\u00f3 \u201crestablecer el orden p\u00fablico\u201d y \u201dprevenir la venta ilegal de mercader\u00eda\u00bb.<\/p>\n\n\n\n<p>\u201cYa lo hicimos en otros barrios, ahora toc\u00f3 en Once\u201d, manifest\u00f3 Wolff en conferencia de prensa desde el operativo.<\/p>\n","protected":false},"excerpt":{"rendered":"<p>Los dep&oacute;sitos de manteros en el barrio porte&ntilde;o de Once fueron allanados por m&aacute;s de 500 efectivos de la Polic&iacute;a de la Ciudad, se llevaron a cabo alrededor de 200 pesquisas en la zona y Jorge Macri dijo que &laquo;se termin&oacute; la joda&raquo;. Seg&uacute;n lo informado por fuentes policiales de la Ciudad, este viernes por [&hellip;]<\/p>\n","protected":false},"author":2,"featured_media":8035,"comment_status":"open","ping_status":"open","sticky":false,"template":"","format":"standard","meta":{"footnotes":""},"categories":[979,5,7],"tags":[431,1114,3586,3585],"class_list":["post-8032","post","type-post","status-publish","format-standard","has-post-thumbnail","hentry","category-judiciales","category-nacionales","category-policiales","tag-allanamientos","tag-jorge-macri","tag-manteros","tag-once"],"_links":{"self":[{"href":"https:\/\/partediario.com.ar\/index.php?rest_route=\/wp\/v2\/posts\/8032","targetHints":{"allow":["GET"]}}],"collection":[{"href":"https:\/\/partediario.com.ar\/index.php?rest_route=\/wp\/v2\/posts"}],"about":[{"href":"https:\/\/partediario.com.ar\/index.php?rest_route=\/wp\/v2\/types\/post"}],"author":[{"embeddable":true,"href":"https:\/\/partediario.com.ar\/index.php?rest_route=\/wp\/v2\/users\/2"}],"replies":[{"embeddable":true,"href":"https:\/\/partediario.com.ar\/index.php?rest_route=%2Fwp%2Fv2%2Fcomments&post=8032"}],"version-history":[{"count":1,"href":"https:\/\/partediario.com.ar\/index.php?rest_route=\/wp\/v2\/posts\/8032\/revisions"}],"predecessor-version":[{"id":8036,"href":"https:\/\/partediario.com.ar\/index.php?rest_route=\/wp\/v2\/posts\/8032\/revisions\/8036"}],"wp:featuredmedia":[{"embeddable":true,"href":"https:\/\/partediario.com.ar\/index.php?rest_route=\/wp\/v2\/media\/8035"}],"wp:attachment":[{"href":"https:\/\/partediario.com.ar\/index.php?rest_route=%2Fwp%2Fv2%2Fmedia&parent=8032"}],"wp:term":[{"taxonomy":"category","embeddable":true,"href":"https:\/\/partediario.com.ar\/index.php?rest_route=%2Fwp%2Fv2%2Fcategories&post=8032"},{"taxonomy":"post_tag","embeddable":true,"href":"https:\/\/partediario.com.ar\/index.php?rest_route=%2Fwp%2Fv2%2Ftags&post=8032"}],"curies":[{"name":"wp","href":"https:\/\/api.w.org\/{rel}","templated":true}]}}