{"id":8037,"date":"2024-10-04T12:00:55","date_gmt":"2024-10-04T15:00:55","guid":{"rendered":"https:\/\/partediario.com.ar\/?p=8037"},"modified":"2024-10-05T12:36:38","modified_gmt":"2024-10-05T15:36:38","slug":"supermercados-mayoristas-lanzan-su-semana-de-promocion-para-apuntalar-ventas","status":"publish","type":"post","link":"https:\/\/partediario.com.ar\/?p=8037","title":{"rendered":"Supermercados mayoristas lanzan su semana de promoci\u00f3n para apuntalar ventas"},"content":{"rendered":"\n<h3 class=\"wp-block-heading\">Empresarios mayoristas lanzaron \u201cBlack Week\u201d una propuesta que con ofertas masivas durante una semana busca incrementar las ventas del sector ante la ca\u00edda del consumo.<\/h3>\n\n\n\n<p>La iniciativa se llevar\u00e1 a cabo en la tercera semana de noviembre para abastecer a comercios y minoristas con la mira puesta en las fiestas de fin de a\u00f1o.<\/p>\n\n\n\n<p>\u201cQueremos que las familias puedan acceder a los alimentos y bebidas con precios promocionales y que los n\u00fameros rojos (con p\u00e9rdidas) se vuelvan negros (con ganancias) para cerrar el a\u00f1o de nuestros balances\u201d, se\u00f1alaron los directivos de la C\u00e1mara Argentina de Distribuidores y Autoservicios Mayoristas (CADAM).<\/p>\n\n\n\n<p>\u201cEsperamos que los bancos y billeteras virtuales nos acompa\u00f1en en esta acci\u00f3n Black\u201d, expresaron desde la C\u00e1mara.<\/p>\n\n\n\n<p>La presentaci\u00f3n se desarroll\u00f3 en el marco de Congreso Nacional de distribuidores mayoristas de productos de consumo masivo (CONAL)<\/p>\n\n\n\n<p>El evento, cont\u00f3 con la presencia del Subsecretario de Defensa del Consumidor y lealtad Comercial de la Naci\u00f3n, Fernando Mui\u00f1o, directivos de la Asociaci\u00f3n de Industrias de Marca (ADIM), la C\u00e1mara Argentina de la Industria de Cosm\u00e9tica y Perfumer\u00eda (CAPA), GS1 (proveedor oficial est\u00e1ndar de c\u00f3digos de barras), UNILEVER, Colgate, entre otros.<\/p>\n","protected":false},"excerpt":{"rendered":"<p>Empresarios mayoristas lanzaron &ldquo;Black Week&rdquo; una propuesta que con ofertas masivas durante una semana busca incrementar las ventas del sector ante la ca&iacute;da del consumo. La iniciativa se llevar&aacute; a cabo en la tercera semana de noviembre para abastecer a comercios y minoristas con la mira puesta en las fiestas de fin de a&ntilde;o. &ldquo;Queremos [&hellip;]<\/p>\n","protected":false},"author":2,"featured_media":8038,"comment_status":"open","ping_status":"open","sticky":false,"template":"","format":"standard","meta":{"footnotes":""},"categories":[5,726],"tags":[3588,3587,667,3589],"class_list":["post-8037","post","type-post","status-publish","format-standard","has-post-thumbnail","hentry","category-nacionales","category-sociedad","tag-black-week","tag-lanzan","tag-mayoristas","tag-noviembre"],"_links":{"self":[{"href":"https:\/\/partediario.com.ar\/index.php?rest_route=\/wp\/v2\/posts\/8037","targetHints":{"allow":["GET"]}}],"collection":[{"href":"https:\/\/partediario.com.ar\/index.php?rest_route=\/wp\/v2\/posts"}],"about":[{"href":"https:\/\/partediario.com.ar\/index.php?rest_route=\/wp\/v2\/types\/post"}],"author":[{"embeddable":true,"href":"https:\/\/partediario.com.ar\/index.php?rest_route=\/wp\/v2\/users\/2"}],"replies":[{"embeddable":true,"href":"https:\/\/partediario.com.ar\/index.php?rest_route=%2Fwp%2Fv2%2Fcomments&post=8037"}],"version-history":[{"count":1,"href":"https:\/\/partediario.com.ar\/index.php?rest_route=\/wp\/v2\/posts\/8037\/revisions"}],"predecessor-version":[{"id":8039,"href":"https:\/\/partediario.com.ar\/index.php?rest_route=\/wp\/v2\/posts\/8037\/revisions\/8039"}],"wp:featuredmedia":[{"embeddable":true,"href":"https:\/\/partediario.com.ar\/index.php?rest_route=\/wp\/v2\/media\/8038"}],"wp:attachment":[{"href":"https:\/\/partediario.com.ar\/index.php?rest_route=%2Fwp%2Fv2%2Fmedia&parent=8037"}],"wp:term":[{"taxonomy":"category","embeddable":true,"href":"https:\/\/partediario.com.ar\/index.php?rest_route=%2Fwp%2Fv2%2Fcategories&post=8037"},{"taxonomy":"post_tag","embeddable":true,"href":"https:\/\/partediario.com.ar\/index.php?rest_route=%2Fwp%2Fv2%2Ftags&post=8037"}],"curies":[{"name":"wp","href":"https:\/\/api.w.org\/{rel}","templated":true}]}}