{"id":8074,"date":"2024-10-05T12:21:40","date_gmt":"2024-10-05T15:21:40","guid":{"rendered":"https:\/\/partediario.com.ar\/?p=8074"},"modified":"2024-10-05T12:21:41","modified_gmt":"2024-10-05T15:21:41","slug":"macri-mantuvo-una-reunion-con-santiago-caputo-para-tranquilizar-las-aguas","status":"publish","type":"post","link":"https:\/\/partediario.com.ar\/?p=8074","title":{"rendered":"Macri mantuvo una reuni\u00f3n con Santiago Caputo para tranquilizar las aguas"},"content":{"rendered":"\n<h3 class=\"wp-block-heading\">El expresidente Mauricio Macri se reuni\u00f3 con Santiago Caputo, asesor de Javier Milei, para limar asperezas antes que se realice la sesi\u00f3n en Diputados para defender el veto a la ley de Financiamiento Universitario.<\/h3>\n\n\n\n<p>Si bien el encuentro se llev\u00f3 a cabo a \u00faltima hora del jueves, reci\u00e9n trascendi\u00f3 en la noche del viernes, y sirvi\u00f3 para lograr un acercamiento luego de las duras cr\u00edticas de Macri.<\/p>\n\n\n\n<p>En la v\u00edspera, el exmandatario se hab\u00eda quejado p\u00fablicamente al decir: \u00abPara qu\u00e9 voy a ir a comer milanesas (con Milei) si despu\u00e9s no se cumple nada\u00bb.<\/p>\n\n\n\n<p>Atento a esos dichos, Milei envi\u00f3 a la reuni\u00f3n a Santiago Caputo, uno de sus asesores m\u00e1s cercanos y sobrino de Luis Caputo.<\/p>\n\n\n\n<p>El reuni\u00f3n se desarroll\u00f3 en la oficina del asesor, fuera de la Casa Rosada, y durante el mismo trataron de llegar a un acuerdo para fortalecer la postura de Milei sobre el veto a la ley de Financiamiento Universitario, que se tratar\u00e1 en Diputados el mi\u00e9rcoles venidero.<\/p>\n\n\n\n<p>Trascendi\u00f3 que Macri habr\u00eda solicitado la incorporaci\u00f3n de Guillermo Dietrich al gobierno libertario.<\/p>\n\n\n\n<p>Dietrich, un empresario del rubro automotor, fue ministro de Transporte de la Naci\u00f3n durante la gesti\u00f3n de Macri, entre 2015 y 2019.<\/p>\n","protected":false},"excerpt":{"rendered":"<p>El expresidente Mauricio Macri se reuni&oacute; con Santiago Caputo, asesor de Javier Milei, para limar asperezas antes que se realice la sesi&oacute;n en Diputados para defender el veto a la ley de Financiamiento Universitario. Si bien el encuentro se llev&oacute; a cabo a &uacute;ltima hora del jueves, reci&eacute;n trascendi&oacute; en la noche del viernes, y [&hellip;]<\/p>\n","protected":false},"author":2,"featured_media":8075,"comment_status":"open","ping_status":"open","sticky":false,"template":"","format":"standard","meta":{"footnotes":""},"categories":[5,176],"tags":[232,1101,373,1929],"class_list":["post-8074","post","type-post","status-publish","format-standard","has-post-thumbnail","hentry","category-nacionales","category-politica","tag-javier-milei","tag-mauricio-macri","tag-reunion","tag-santiago-caputo"],"_links":{"self":[{"href":"https:\/\/partediario.com.ar\/index.php?rest_route=\/wp\/v2\/posts\/8074","targetHints":{"allow":["GET"]}}],"collection":[{"href":"https:\/\/partediario.com.ar\/index.php?rest_route=\/wp\/v2\/posts"}],"about":[{"href":"https:\/\/partediario.com.ar\/index.php?rest_route=\/wp\/v2\/types\/post"}],"author":[{"embeddable":true,"href":"https:\/\/partediario.com.ar\/index.php?rest_route=\/wp\/v2\/users\/2"}],"replies":[{"embeddable":true,"href":"https:\/\/partediario.com.ar\/index.php?rest_route=%2Fwp%2Fv2%2Fcomments&post=8074"}],"version-history":[{"count":1,"href":"https:\/\/partediario.com.ar\/index.php?rest_route=\/wp\/v2\/posts\/8074\/revisions"}],"predecessor-version":[{"id":8076,"href":"https:\/\/partediario.com.ar\/index.php?rest_route=\/wp\/v2\/posts\/8074\/revisions\/8076"}],"wp:featuredmedia":[{"embeddable":true,"href":"https:\/\/partediario.com.ar\/index.php?rest_route=\/wp\/v2\/media\/8075"}],"wp:attachment":[{"href":"https:\/\/partediario.com.ar\/index.php?rest_route=%2Fwp%2Fv2%2Fmedia&parent=8074"}],"wp:term":[{"taxonomy":"category","embeddable":true,"href":"https:\/\/partediario.com.ar\/index.php?rest_route=%2Fwp%2Fv2%2Fcategories&post=8074"},{"taxonomy":"post_tag","embeddable":true,"href":"https:\/\/partediario.com.ar\/index.php?rest_route=%2Fwp%2Fv2%2Ftags&post=8074"}],"curies":[{"name":"wp","href":"https:\/\/api.w.org\/{rel}","templated":true}]}}