{"id":8077,"date":"2024-10-05T12:26:06","date_gmt":"2024-10-05T15:26:06","guid":{"rendered":"https:\/\/partediario.com.ar\/?p=8077"},"modified":"2024-10-06T13:16:56","modified_gmt":"2024-10-06T16:16:56","slug":"el-papa-francisco-recibira-en-el-vaticano-a-la-vicepresidenta-victoria-villarruel","status":"publish","type":"post","link":"https:\/\/partediario.com.ar\/?p=8077","title":{"rendered":"El papa Francisco recibir\u00e1 en el Vaticano a la Vicepresidenta Victoria Villarruel"},"content":{"rendered":"\n<h3 class=\"wp-block-heading\">La vicepresidente de la Naci\u00f3n, Victoria Villarruel, llevar\u00e1 a cabo la pr\u00f3xima semana su primera gira internacional y ser\u00e1 recibida en visita oficial privada por el Papa Francisco, seg\u00fan indica el comunicado oficial difundido por su equipo de comunicaci\u00f3n.<\/h3>\n\n\n\n<p>Adem\u00e1s participar\u00e1 de una conferencia de la ONU sobre V\u00edctimas del Terrorismo en Espa\u00f1a y visitar\u00e1 el Senado espa\u00f1ol, en la antesala de lo que ser\u00e1 su encuentro con el sumo pont\u00edfice. Se trata de la primera gira internacional de Villarruel al exterior.<\/p>\n\n\n\n<p>La presidenta de la C\u00e1mara Alta saldr\u00e1 este domingo desde el Aeropuerto de Ezeiza en vuelo de l\u00ednea a Madrid.<\/p>\n\n\n\n<p>El lunes 7 de octubre se reunir\u00e1 por la ma\u00f1ana con el presidente del Senado espa\u00f1ol, Pedro Roll\u00e1n Ojeda.<\/p>\n\n\n\n<p>Por la tarde, mantendr\u00e1 una audiencia con el Secretario General Iberoamericano, Andr\u00e9s Allamand, en Salamanca.<\/p>\n\n\n\n<p>El martes Villarruel disertar\u00e1, por la tarde, en la Conferencia Internacional de las Naciones Unidas sobre V\u00edctimas del Terrorismo que se llevar\u00e1 a cabo en el Palacio de Congresos Europa de la ciudad espa\u00f1ola de Vitoria-Gasteiz.<\/p>\n\n\n\n<p>El objetivo de la Conferencia es dar continuidad al Primer Congreso Global de V\u00edctimas del Terrorismo celebrado en septiembre de 2022 en la sede de la Organizaci\u00f3n de las Naciones Unidas (ONU) en Nueva York (EEUU), y avanzar en el impulso de pol\u00edticas globales de reparaci\u00f3n y apoyo para las v\u00edctimas y de preservaci\u00f3n de su memoria.<\/p>\n\n\n\n<p>El mi\u00e9rcoles 9 de octubre, la Vicepresidenta pasar\u00e1 por el Palacio de Liria, donde recorrer\u00e1 la exposici\u00f3n \u201cCartas de Col\u00f3n &#8211; Am\u00e9rica en la Casa de Alba\u201d, que exhibe parte del patrimonio americano conservado en la colecci\u00f3n familiar, incluyendo 24 aut\u00f3grafos de Crist\u00f3bal Col\u00f3n.<\/p>\n\n\n\n<p>M\u00e1s tarde, participar\u00e1 de una recepci\u00f3n ofrecida por el embajador argentino en Espa\u00f1a, Roberto Bosch, en la Residencia Argentina.<\/p>\n\n\n\n<p>Finalizando su paso por suelo espa\u00f1ol, el viernes 11, compartir\u00e1 un almuerzo en Madrid con empresarios argentinos y espa\u00f1oles en la Embajada argentina.<\/p>\n\n\n\n<p>La agenda concluir\u00e1 el lunes 14 de octubre con el encuentro con Francisco, donde mantendr\u00e1n una audiencia Oficial Privada en la Sala Pablo VI de la Santa Sede.<\/p>\n","protected":false},"excerpt":{"rendered":"<p>La vicepresidente de la Naci&oacute;n, Victoria Villarruel, llevar&aacute; a cabo la pr&oacute;xima semana su primera gira internacional y ser&aacute; recibida en visita oficial privada por el Papa Francisco, seg&uacute;n indica el comunicado oficial difundido por su equipo de comunicaci&oacute;n. Adem&aacute;s participar&aacute; de una conferencia de la ONU sobre V&iacute;ctimas del Terrorismo en Espa&ntilde;a y visitar&aacute; [&hellip;]<\/p>\n","protected":false},"author":2,"featured_media":8078,"comment_status":"open","ping_status":"open","sticky":false,"template":"","format":"standard","meta":{"footnotes":""},"categories":[5,176],"tags":[539,333,336,3603,642,233],"class_list":["post-8077","post","type-post","status-publish","format-standard","has-post-thumbnail","hentry","category-nacionales","category-politica","tag-espana","tag-italia","tag-papa-francisco","tag-vaticano","tag-viaje","tag-victoria-villarruel"],"_links":{"self":[{"href":"https:\/\/partediario.com.ar\/index.php?rest_route=\/wp\/v2\/posts\/8077","targetHints":{"allow":["GET"]}}],"collection":[{"href":"https:\/\/partediario.com.ar\/index.php?rest_route=\/wp\/v2\/posts"}],"about":[{"href":"https:\/\/partediario.com.ar\/index.php?rest_route=\/wp\/v2\/types\/post"}],"author":[{"embeddable":true,"href":"https:\/\/partediario.com.ar\/index.php?rest_route=\/wp\/v2\/users\/2"}],"replies":[{"embeddable":true,"href":"https:\/\/partediario.com.ar\/index.php?rest_route=%2Fwp%2Fv2%2Fcomments&post=8077"}],"version-history":[{"count":1,"href":"https:\/\/partediario.com.ar\/index.php?rest_route=\/wp\/v2\/posts\/8077\/revisions"}],"predecessor-version":[{"id":8079,"href":"https:\/\/partediario.com.ar\/index.php?rest_route=\/wp\/v2\/posts\/8077\/revisions\/8079"}],"wp:featuredmedia":[{"embeddable":true,"href":"https:\/\/partediario.com.ar\/index.php?rest_route=\/wp\/v2\/media\/8078"}],"wp:attachment":[{"href":"https:\/\/partediario.com.ar\/index.php?rest_route=%2Fwp%2Fv2%2Fmedia&parent=8077"}],"wp:term":[{"taxonomy":"category","embeddable":true,"href":"https:\/\/partediario.com.ar\/index.php?rest_route=%2Fwp%2Fv2%2Fcategories&post=8077"},{"taxonomy":"post_tag","embeddable":true,"href":"https:\/\/partediario.com.ar\/index.php?rest_route=%2Fwp%2Fv2%2Ftags&post=8077"}],"curies":[{"name":"wp","href":"https:\/\/api.w.org\/{rel}","templated":true}]}}