{"id":8080,"date":"2024-10-05T12:31:20","date_gmt":"2024-10-05T15:31:20","guid":{"rendered":"https:\/\/partediario.com.ar\/?p=8080"},"modified":"2024-10-06T13:16:49","modified_gmt":"2024-10-06T16:16:49","slug":"finalmente-el-alumbrado-publico-seguira-cobrandose-junto-a-la-boleta-de-luz","status":"publish","type":"post","link":"https:\/\/partediario.com.ar\/?p=8080","title":{"rendered":"Finalmente el alumbrado p\u00fablico seguir\u00e1 cobr\u00e1ndose junto a la boleta de luz"},"content":{"rendered":"\n<h3 class=\"wp-block-heading\">El Gobierno autoriz\u00f3 que las distribuidoras de energ\u00eda el\u00e9ctrica puedan cobrar la tasa municipal de alumbrado p\u00fablico dentro de las boletas de luz a cada vecino.<\/h3>\n\n\n\n<p>La medida, que da marcha atr\u00e1s con otra anunciada con anterioridad, regir\u00e1 solo para Edenor y Edesur, que tienen regulaci\u00f3n nacional, mientras que cada provincia tendr\u00e1 la posibilidad de dictar lo mismo para las empresas que operan en sus territorios.<\/p>\n\n\n\n<p>De este modo, el Poder Ejecutivo har\u00e1 una excepci\u00f3n \u00abexclusiva\u00bb a la resoluci\u00f3n 267\/2024 de la Secretar\u00eda de Industria y Comercio.<\/p>\n\n\n\n<p>Por medio de esa resoluci\u00f3n, el gobierno cuestion\u00f3 a los intendentes que cargan en las facturas el\u00e9ctricas tasas municipales que nada tienen que ver con el servicio, aprovechando su alta cobrabilidad.<\/p>\n\n\n\n<p>Seg\u00fan se supo, la nueva normativa se publicar\u00e1 la semana pr\u00f3xima en el Bolet\u00edn Oficial y tendr\u00e1 ese car\u00e1cter excepcional y exclusivo para el alumbrado p\u00fablico.<\/p>\n\n\n\n<p>Todo el resto de las tasas deber\u00e1n ser retiradas de los servicios p\u00fablicos y cobrarse aparte.<\/p>\n\n\n\n<p>El Gobierno nacional busca que los intendentes asuman el costo pol\u00edtico por la presi\u00f3n tributaria que les corresponde.<\/p>\n\n\n\n<p>El objetivo es demostrar que los dirigentes comunales no se ajustan a la baja del gasto p\u00fablico que emprendi\u00f3 la Naci\u00f3n.<\/p>\n\n\n\n<p>Las tasas de alumbrado p\u00fablico son variables, pero tienen un tope por el contrato de concesi\u00f3n de 6,424%.<\/p>\n\n\n\n<p>Los intendentes hab\u00edan alertado que si Edenor y Edesur no pod\u00edan cobrarlas directamente a los vecinos en las boletas, las calles del conurbano iban a ser una \u00abboca de lobo\u00bb, pues sus municipios no tendr\u00edan para pagar la energ\u00eda.<\/p>\n\n\n\n<p>Como ejemplo, en Villa Gesell, donde la cooperativa hace 5 a\u00f1os que acumula deudas por $ 13.000 millones con la Compa\u00f1\u00eda Administradora del Mercado Mayorista El\u00e9ctrico (Cammesa) porque no paga la energ\u00eda, la cobrabilidad de las tasas municipales es del 55%.<\/p>\n\n\n\n<p>Los impuestos nacionales, provinciales y tasas municipales componen cerca del 31% en promedio de las boletas finales, con gran incidencia del Impuesto al Valor Agregado (IVA), de car\u00e1cter nacional pero tambi\u00e9n con peso de las contribuciones municipales y el alumbrado p\u00fablico.<\/p>\n","protected":false},"excerpt":{"rendered":"<p>El Gobierno autoriz&oacute; que las distribuidoras de energ&iacute;a el&eacute;ctrica puedan cobrar la tasa municipal de alumbrado p&uacute;blico dentro de las boletas de luz a cada vecino. La medida, que da marcha atr&aacute;s con otra anunciada con anterioridad, regir&aacute; solo para Edenor y Edesur, que tienen regulaci&oacute;n nacional, mientras que cada provincia tendr&aacute; la posibilidad de [&hellip;]<\/p>\n","protected":false},"author":2,"featured_media":8081,"comment_status":"open","ping_status":"open","sticky":false,"template":"","format":"standard","meta":{"footnotes":""},"categories":[5,176],"tags":[3604,3319,3605,3199,1049,2187,312],"class_list":["post-8080","post","type-post","status-publish","format-standard","has-post-thumbnail","hentry","category-nacionales","category-politica","tag-bolestas","tag-cobro","tag-ededur","tag-edenor","tag-impuestos","tag-intendentes","tag-municipales"],"_links":{"self":[{"href":"https:\/\/partediario.com.ar\/index.php?rest_route=\/wp\/v2\/posts\/8080","targetHints":{"allow":["GET"]}}],"collection":[{"href":"https:\/\/partediario.com.ar\/index.php?rest_route=\/wp\/v2\/posts"}],"about":[{"href":"https:\/\/partediario.com.ar\/index.php?rest_route=\/wp\/v2\/types\/post"}],"author":[{"embeddable":true,"href":"https:\/\/partediario.com.ar\/index.php?rest_route=\/wp\/v2\/users\/2"}],"replies":[{"embeddable":true,"href":"https:\/\/partediario.com.ar\/index.php?rest_route=%2Fwp%2Fv2%2Fcomments&post=8080"}],"version-history":[{"count":1,"href":"https:\/\/partediario.com.ar\/index.php?rest_route=\/wp\/v2\/posts\/8080\/revisions"}],"predecessor-version":[{"id":8082,"href":"https:\/\/partediario.com.ar\/index.php?rest_route=\/wp\/v2\/posts\/8080\/revisions\/8082"}],"wp:featuredmedia":[{"embeddable":true,"href":"https:\/\/partediario.com.ar\/index.php?rest_route=\/wp\/v2\/media\/8081"}],"wp:attachment":[{"href":"https:\/\/partediario.com.ar\/index.php?rest_route=%2Fwp%2Fv2%2Fmedia&parent=8080"}],"wp:term":[{"taxonomy":"category","embeddable":true,"href":"https:\/\/partediario.com.ar\/index.php?rest_route=%2Fwp%2Fv2%2Fcategories&post=8080"},{"taxonomy":"post_tag","embeddable":true,"href":"https:\/\/partediario.com.ar\/index.php?rest_route=%2Fwp%2Fv2%2Ftags&post=8080"}],"curies":[{"name":"wp","href":"https:\/\/api.w.org\/{rel}","templated":true}]}}