{"id":8083,"date":"2024-10-05T12:35:00","date_gmt":"2024-10-05T15:35:00","guid":{"rendered":"https:\/\/partediario.com.ar\/?p=8083"},"modified":"2024-10-06T13:16:45","modified_gmt":"2024-10-06T16:16:45","slug":"x-pago-523-millones-de-dolares-de-multas-para-volver-a-operar-en-brasil","status":"publish","type":"post","link":"https:\/\/partediario.com.ar\/?p=8083","title":{"rendered":"X pag\u00f3 5,23 millones de d\u00f3lares de multas para volver a operar en Brasil"},"content":{"rendered":"\n<h3 class=\"wp-block-heading\">La red social estadounidense X (antes Twitter), propiedad del empresario de origen sudafricano, Elon Musk, pag\u00f3 al Gobierno de Brasil multas por 28,6 millones de reales (unos 5,23 millones de d\u00f3lares) y pidi\u00f3 al Supremo Tribunal Federal (STF) volver a operar en el pa\u00eds.<\/h3>\n\n\n\n<p>Abogados de la firma se\u00f1alaron a TV Globo y al diario \u00abFolha de Sao Paulo\u00bb que X entreg\u00f3 al STF los comprobantes de pago de las multas impuestas por el magistrado Alexandre de Moraes, despu\u00e9s que la plataforma no nombr\u00f3 a un representante legal en el pa\u00eds sudamericano, en medio de una investigaci\u00f3n de usuarios por diseminar noticias falsas y alentar un presunto golpe de Estado.<\/p>\n\n\n\n<p>Musk retir\u00f3 la plataforma en Brasil el 30 de agosto pasado, no obstante, cambi\u00f3 de postura luego de que Starlink, su empresa proveedora de internet satelital, comenzara a sufrir problemas operativos en Brasil, adem\u00e1s de que por orden de Moraes se congelaron fondos como parte del pago de las deudas de la red social.<\/p>\n","protected":false},"excerpt":{"rendered":"<p>La red social estadounidense X (antes Twitter), propiedad del empresario de origen sudafricano, Elon Musk, pag&oacute; al Gobierno de Brasil multas por 28,6 millones de reales (unos 5,23 millones de d&oacute;lares) y pidi&oacute; al Supremo Tribunal Federal (STF) volver a operar en el pa&iacute;s. Abogados de la firma se&ntilde;alaron a TV Globo y al diario [&hellip;]<\/p>\n","protected":false},"author":2,"featured_media":8084,"comment_status":"open","ping_status":"open","sticky":false,"template":"","format":"standard","meta":{"footnotes":""},"categories":[9],"tags":[2909,563,1961,3606,3607,1962],"class_list":["post-8083","post","type-post","status-publish","format-standard","has-post-thumbnail","hentry","category-internacionales","tag-alexandre-de-moraes","tag-brasil","tag-elon-musk","tag-red-social","tag-starlink","tag-x"],"_links":{"self":[{"href":"https:\/\/partediario.com.ar\/index.php?rest_route=\/wp\/v2\/posts\/8083","targetHints":{"allow":["GET"]}}],"collection":[{"href":"https:\/\/partediario.com.ar\/index.php?rest_route=\/wp\/v2\/posts"}],"about":[{"href":"https:\/\/partediario.com.ar\/index.php?rest_route=\/wp\/v2\/types\/post"}],"author":[{"embeddable":true,"href":"https:\/\/partediario.com.ar\/index.php?rest_route=\/wp\/v2\/users\/2"}],"replies":[{"embeddable":true,"href":"https:\/\/partediario.com.ar\/index.php?rest_route=%2Fwp%2Fv2%2Fcomments&post=8083"}],"version-history":[{"count":1,"href":"https:\/\/partediario.com.ar\/index.php?rest_route=\/wp\/v2\/posts\/8083\/revisions"}],"predecessor-version":[{"id":8085,"href":"https:\/\/partediario.com.ar\/index.php?rest_route=\/wp\/v2\/posts\/8083\/revisions\/8085"}],"wp:featuredmedia":[{"embeddable":true,"href":"https:\/\/partediario.com.ar\/index.php?rest_route=\/wp\/v2\/media\/8084"}],"wp:attachment":[{"href":"https:\/\/partediario.com.ar\/index.php?rest_route=%2Fwp%2Fv2%2Fmedia&parent=8083"}],"wp:term":[{"taxonomy":"category","embeddable":true,"href":"https:\/\/partediario.com.ar\/index.php?rest_route=%2Fwp%2Fv2%2Fcategories&post=8083"},{"taxonomy":"post_tag","embeddable":true,"href":"https:\/\/partediario.com.ar\/index.php?rest_route=%2Fwp%2Fv2%2Ftags&post=8083"}],"curies":[{"name":"wp","href":"https:\/\/api.w.org\/{rel}","templated":true}]}}