{"id":8086,"date":"2024-10-05T14:42:59","date_gmt":"2024-10-05T17:42:59","guid":{"rendered":"https:\/\/partediario.com.ar\/?p=8086"},"modified":"2024-10-05T14:43:00","modified_gmt":"2024-10-05T17:43:00","slug":"el-sol-esta-emitio-una-impactante-llamarada-hacia-la-tierra-la-mas-potente-de-los-ultimos-siete-anos","status":"publish","type":"post","link":"https:\/\/partediario.com.ar\/?p=8086","title":{"rendered":"El sol est\u00e1 emiti\u00f3 una impactante llamarada hacia la Tierra, la m\u00e1s potente de los \u00faltimos siete a\u00f1os"},"content":{"rendered":"\n<h3 class=\"wp-block-heading\">El domingo llegar\u00eda a la Tierra la llamarada solar m\u00e1s potente, seg\u00fan se revel\u00f3 en im\u00e1genes preliminares del coron\u00f3grafo SOHO de un CME (Eyecci\u00f3n de Masa Coronal) de halo que emerge del lugar de la explosi\u00f3n y tomar las caracter\u00edsticas de una tormenta solar.<\/h3>\n\n\n\n<p>Agregar\u00e1 su efecto a la X7.1 registrada el 1 de octubre, que se acaba de repetir este viernes, por lo que se esperan auroras polares extraordinarias incluso en latitudes medias, visibles de noche en lugares en los que no suelen producirse.<\/p>\n\n\n\n<p>El 10 de mayo, las auroras se hab\u00edan podido ver en latitudes tan bajas como Canarias o Puerto Rico. Del mismo mode se vio en el hemisferio sur en Australia, Nueva Zelanda, Argentina y Chile.<\/p>\n\n\n\n<p>El Sol ya dispar\u00f3 en octubre dos de las llamaradas solares m\u00e1s potentes de esta d\u00e9cada, despu\u00e9s de un periodo relativamente tranquilo, desde mayo pasado.<\/p>\n\n\n\n<p>Fueron dos de clase X en 48 horas. La \u00faltima, de clase X9.0, tuvo lugar en una regi\u00f3n muy activa del Sol.<\/p>\n\n\n\n<p>La radiaci\u00f3n de la llamarada ioniz\u00f3 la parte superior de la atm\u00f3sfera de la Tierra y caus\u00f3 un profundo apag\u00f3n de onda corta sobre \u00c1frica y el Atl\u00e1ntico Sur.<\/p>\n\n\n\n<p>Los radioaficionados de la zona pueden haber notado la p\u00e9rdida de se\u00f1al en frecuencias inferiores a 30 MHz durante media hora despu\u00e9s de las 12:18 UTC, informa Spaceweather.com.<\/p>\n\n\n\n<p>El efecto inmediato de esta secuencia fue un apag\u00f3n de radio de clase R3, clasificado como \u00abfuerte\u00bb.<\/p>\n\n\n\n<p>La actividad electromagn\u00e9tica del Sol puede causar la p\u00e9rdida de se\u00f1al en comunicaciones de radio de alta frecuencia e interferir en la se\u00f1al de los sat\u00e9lites GPS.<\/p>\n\n\n\n<p>Tambi\u00e9n se esperan auroras boreales extraordinarias incluso en latitudes medias, que podr\u00edan ser visibles de noche en lugares en los que no se suelen producirse<\/p>\n\n\n\n<p>Puede que no sea este el caso, pero las llamaradas solares pueden ir acompa\u00f1adas de eyecciones de masa coronal, erupciones de material que pueden alcanzar la Tierra en forma de tormentas solares, produciendo auroras, poniendo en riesgo a los astronautas con un aumento de la radiaci\u00f3n e induciendo corrientes el\u00e9ctricas en los transformadores.<\/p>\n\n\n\n<p>La m\u00e1s potente del siglo hab\u00eda ocurrido en Halloween de 2003. Fue de clase X17 y provoc\u00f3 auroras visibles hasta en latitudes m\u00e1s bajas de lo habitual.<\/p>\n\n\n\n<p>Para ponerlo en perspectiva, la llamarada de clase X9.0 es la m\u00e1s potente desde el 6 de septiembre de 2017, cuando una fulguraci\u00f3n X9.3 produjo interrupciones en las comunicaciones por radio y en los sistemas de navegaci\u00f3n por sat\u00e9lite.<\/p>\n\n\n\n<p>Es la segunda llamarada solar de clase X que se registra esta semana desde la misma regi\u00f3n activa del Sol.<\/p>\n\n\n\n<p><\/p>\n\n\n\n<figure class=\"wp-block-image size-full\"><img loading=\"lazy\" decoding=\"async\" width=\"885\" height=\"515\" src=\"https:\/\/partediario.com.ar\/wp-content\/uploads\/llamarada-solar.jpg\" alt=\"\" class=\"wp-image-8087\" srcset=\"https:\/\/partediario.com.ar\/wp-content\/uploads\/llamarada-solar.jpg 885w, https:\/\/partediario.com.ar\/wp-content\/uploads\/llamarada-solar-300x175.jpg 300w, https:\/\/partediario.com.ar\/wp-content\/uploads\/llamarada-solar-768x447.jpg 768w\" sizes=\"auto, (max-width: 885px) 100vw, 885px\" \/><\/figure>\n\n\n\n<p><\/p>\n\n\n\n<p>El Centro de Predicci\u00f3n del Clima Espacial de Estados Unidos (NOAA SWPC) hab\u00eda avisado el lunes de una llamarada de clase X7.1 que alcanz\u00f3 su punto m\u00e1ximo el 1 de octubre a las 22:20 UTC.<\/p>\n\n\n\n<p>Se se\u00f1al\u00f3 que al no ser muy eruptiva, redujo sus efectos, pero las m\u00faltiples regiones de manchas en el disco solar prometen que vienen curvas.<\/p>\n\n\n\n<p>La regi\u00f3n activa 3842, una enorme mancha solar que en estos momentos apunta hacia nuestro planeta, produjo a las 12:18 UTC del 3 de octubre una r\u00e1pida e intensa llamarada solar de clase X. Alcanz\u00f3 una intensidad de X9.0, seg\u00fan la escala Kp, que clasifica las fulguraciones solares por el pico de rayos X que emiten.<\/p>\n\n\n\n<p>El ciclo 25 del Sol se acerca a su m\u00e1ximo. El m\u00e1ximo solar est\u00e1 previsto para este mismo mes de octubre, lo que significa que deber\u00eda depararnos los d\u00edas de mayor actividad de la estrella desde 2019.<\/p>\n\n\n\n<p>A partir de este punto, el n\u00famero de manchas solares se reducir\u00e1, y el Sol producir\u00e1 menos llamaradas y tormentas solares. Hasta dentro de 11 a\u00f1os.<\/p>\n\n\n\n<p>Luego de la intensa llamarada solar detectada por la NASA el pasado martes, este jueves se produjo la m\u00e1s potente de los \u00faltimos siete a\u00f1os.<\/p>\n\n\n\n<p>La mancha solar AR3842 explot\u00f3 nuevamente este 3 de octubre, produciendo la llamarada solar m\u00e1s fuerte hasta ahora del Ciclo Solar 25, que comenz\u00f3 en 2019 y dura once a\u00f1os, informa Europa Press.<\/p>\n\n\n\n<p>El Observatorio de Din\u00e1mica Solar de la NASA registr\u00f3 la explosi\u00f3n de categor\u00eda X 9.1, que supera incluso la enorme llamarada X 8,7 del 14 de mayo de este a\u00f1o, en un contexto de actividad solar creciente cuyo punto m\u00e1ximo se producir\u00e1 en 2025, se\u00f1ala la agencia espacial.<\/p>\n","protected":false},"excerpt":{"rendered":"<p>El domingo llegar&iacute;a a la Tierra la llamarada solar m&aacute;s potente, seg&uacute;n se revel&oacute; en im&aacute;genes preliminares del coron&oacute;grafo SOHO de un CME (Eyecci&oacute;n de Masa Coronal) de halo que emerge del lugar de la explosi&oacute;n y tomar las caracter&iacute;sticas de una tormenta solar. Agregar&aacute; su efecto a la X7.1 registrada el 1 de octubre, [&hellip;]<\/p>\n","protected":false},"author":2,"featured_media":8088,"comment_status":"open","ping_status":"open","sticky":false,"template":"","format":"standard","meta":{"footnotes":""},"categories":[9,726],"tags":[3611,3609,3610,3608],"class_list":["post-8086","post","type-post","status-publish","format-standard","has-post-thumbnail","hentry","category-internacionales","category-sociedad","tag-cme","tag-llamarada","tag-soho","tag-sol"],"_links":{"self":[{"href":"https:\/\/partediario.com.ar\/index.php?rest_route=\/wp\/v2\/posts\/8086","targetHints":{"allow":["GET"]}}],"collection":[{"href":"https:\/\/partediario.com.ar\/index.php?rest_route=\/wp\/v2\/posts"}],"about":[{"href":"https:\/\/partediario.com.ar\/index.php?rest_route=\/wp\/v2\/types\/post"}],"author":[{"embeddable":true,"href":"https:\/\/partediario.com.ar\/index.php?rest_route=\/wp\/v2\/users\/2"}],"replies":[{"embeddable":true,"href":"https:\/\/partediario.com.ar\/index.php?rest_route=%2Fwp%2Fv2%2Fcomments&post=8086"}],"version-history":[{"count":1,"href":"https:\/\/partediario.com.ar\/index.php?rest_route=\/wp\/v2\/posts\/8086\/revisions"}],"predecessor-version":[{"id":8089,"href":"https:\/\/partediario.com.ar\/index.php?rest_route=\/wp\/v2\/posts\/8086\/revisions\/8089"}],"wp:featuredmedia":[{"embeddable":true,"href":"https:\/\/partediario.com.ar\/index.php?rest_route=\/wp\/v2\/media\/8088"}],"wp:attachment":[{"href":"https:\/\/partediario.com.ar\/index.php?rest_route=%2Fwp%2Fv2%2Fmedia&parent=8086"}],"wp:term":[{"taxonomy":"category","embeddable":true,"href":"https:\/\/partediario.com.ar\/index.php?rest_route=%2Fwp%2Fv2%2Fcategories&post=8086"},{"taxonomy":"post_tag","embeddable":true,"href":"https:\/\/partediario.com.ar\/index.php?rest_route=%2Fwp%2Fv2%2Ftags&post=8086"}],"curies":[{"name":"wp","href":"https:\/\/api.w.org\/{rel}","templated":true}]}}