{"id":8103,"date":"2024-10-06T11:40:33","date_gmt":"2024-10-06T14:40:33","guid":{"rendered":"https:\/\/partediario.com.ar\/?p=8103"},"modified":"2024-10-06T20:04:34","modified_gmt":"2024-10-06T23:04:34","slug":"maximo-kirchner-obtuvo-el-respaldo-de-dirigentes-del-peronismo-bonaerense-a-la-candidatura-de-cristina-kirchner","status":"publish","type":"post","link":"https:\/\/partediario.com.ar\/?p=8103","title":{"rendered":"M\u00e1ximo Kirchner obtuvo el respaldo de dirigentes del peronismo bonaerense a la candidatura de Cristina Kirchner"},"content":{"rendered":"\n<h3 class=\"wp-block-heading\">El presidente del Partido Justicialista (PJ) bonaerense M\u00e1ximo Kirchner encabez\u00f3 un encuentro del peronismo de la provincia de Buenos Aires y recibi\u00f3 el apoyo de dirigentes del espacio para la candidatura de la ex mandataria Cristina Kirchner al PJ nacional.<\/h3>\n\n\n\n<p>La reuni\u00f3n se llev\u00f3 a cabo en la localidad balnearia de Monte Hermoso y asistieron m\u00e1s de 50 presidentes de PJ locales y el acompa\u00f1amiento de autoridades seccionales, intendentes y legisladores provinciales.<\/p>\n\n\n\n<p>\u00abQue de esta reuni\u00f3n salga la anuencia con la firma, o por lo menos el s\u00ed, para que podamos hacer que cada uno de los PJ de todos los distritos que nos visitan, digamos que Cristina Kirchner sea la pr\u00f3xima conductora y presidenta del partido a nivel nacional\u00bb, manifest\u00f3 el titular de la C\u00e1mara de Diputados bonaerense, Alejandro Dichiara.<\/p>\n\n\n\n<p>Dichiara agreg\u00f3 que \u00abel peronismo necesita estar unido\u00bb y que la \u00ab\u00fanica\u00bb que puede lograr esa unidad es la ex presidenta de la Naci\u00f3n.<\/p>\n\n\n\n<p>\u00abOjal\u00e1, desde ac\u00e1, podamos decir que todos los distritos de Buenos Aires dicen: \u2018Cristina conductora\u2019. Para que volvamos a ser gobierno de la rep\u00fablica Argentina\u00bb, se\u00f1al\u00f3 el titular de la C\u00e1mara Baja provincial.<\/p>\n\n\n\n<p>El acto del PJ bonaerense se dio despu\u00e9s que el jueves pasado la agrupaci\u00f3n pol\u00edtica La C\u00e1mpora, liderada por M\u00e1ximo Kirchner, inici\u00f3 el operativo clamor para que CFK presida el partido a nivel nacional.<\/p>\n\n\n\n<p>A pesar del pedido de los sectores que respaldan la postulaci\u00f3n de Cristina Kirchner, el gobernador de La Rioja, Ricardo Quintela, ratific\u00f3 ayer su decisi\u00f3n de competir por la presidencia del Justicialismo, estar\u00e1 realizando un acto en CABA.<\/p>\n\n\n\n<p>\u00abNo hay que temerle al proceso interno\u00bb, asever\u00f3 el mandatario provincial durante un acto partidario en Neuqu\u00e9n, donde estuvo acompa\u00f1ado por el presidente del PJ local, Dar\u00edo Mart\u00ednez, y la legisladora Victoria Tolosa Paz.<\/p>\n","protected":false},"excerpt":{"rendered":"<p>El presidente del Partido Justicialista (PJ) bonaerense M&aacute;ximo Kirchner encabez&oacute; un encuentro del peronismo de la provincia de Buenos Aires y recibi&oacute; el apoyo de dirigentes del espacio para la candidatura de la ex mandataria Cristina Kirchner al PJ nacional. La reuni&oacute;n se llev&oacute; a cabo en la localidad balnearia de Monte Hermoso y asistieron [&hellip;]<\/p>\n","protected":false},"author":2,"featured_media":8104,"comment_status":"open","ping_status":"open","sticky":false,"template":"","format":"standard","meta":{"footnotes":""},"categories":[5,176],"tags":[518,3619,1153,295],"class_list":["post-8103","post","type-post","status-publish","format-standard","has-post-thumbnail","hentry","category-nacionales","category-politica","tag-cristina-kirchner","tag-maximo-kirchner","tag-peronismo","tag-pj"],"_links":{"self":[{"href":"https:\/\/partediario.com.ar\/index.php?rest_route=\/wp\/v2\/posts\/8103","targetHints":{"allow":["GET"]}}],"collection":[{"href":"https:\/\/partediario.com.ar\/index.php?rest_route=\/wp\/v2\/posts"}],"about":[{"href":"https:\/\/partediario.com.ar\/index.php?rest_route=\/wp\/v2\/types\/post"}],"author":[{"embeddable":true,"href":"https:\/\/partediario.com.ar\/index.php?rest_route=\/wp\/v2\/users\/2"}],"replies":[{"embeddable":true,"href":"https:\/\/partediario.com.ar\/index.php?rest_route=%2Fwp%2Fv2%2Fcomments&post=8103"}],"version-history":[{"count":1,"href":"https:\/\/partediario.com.ar\/index.php?rest_route=\/wp\/v2\/posts\/8103\/revisions"}],"predecessor-version":[{"id":8105,"href":"https:\/\/partediario.com.ar\/index.php?rest_route=\/wp\/v2\/posts\/8103\/revisions\/8105"}],"wp:featuredmedia":[{"embeddable":true,"href":"https:\/\/partediario.com.ar\/index.php?rest_route=\/wp\/v2\/media\/8104"}],"wp:attachment":[{"href":"https:\/\/partediario.com.ar\/index.php?rest_route=%2Fwp%2Fv2%2Fmedia&parent=8103"}],"wp:term":[{"taxonomy":"category","embeddable":true,"href":"https:\/\/partediario.com.ar\/index.php?rest_route=%2Fwp%2Fv2%2Fcategories&post=8103"},{"taxonomy":"post_tag","embeddable":true,"href":"https:\/\/partediario.com.ar\/index.php?rest_route=%2Fwp%2Fv2%2Ftags&post=8103"}],"curies":[{"name":"wp","href":"https:\/\/api.w.org\/{rel}","templated":true}]}}