{"id":8106,"date":"2024-10-06T11:45:26","date_gmt":"2024-10-06T14:45:26","guid":{"rendered":"https:\/\/partediario.com.ar\/?p=8106"},"modified":"2024-10-06T20:04:39","modified_gmt":"2024-10-06T23:04:39","slug":"jorge-lanata-fue-trasladado-al-hospital-italiano-por-complicaciones-de-salud","status":"publish","type":"post","link":"https:\/\/partediario.com.ar\/?p=8106","title":{"rendered":"Jorge Lanata fue trasladado al Hospital Italiano por complicaciones de salud"},"content":{"rendered":"\n<h3 class=\"wp-block-heading\">El periodista Jorge Lanata fue internado nuevamente en el Hospital Italiano tras nuevas complicaciones en su cuadro de salud. Seg\u00fan trascendi\u00f3, ser\u00eda por un estado febril y problemas urinarios.<\/h3>\n\n\n\n<p>Lanata se encontraba hasta hoy en la Cl\u00ednica Santa Catalina, donde hab\u00eda sido derivado d\u00edas atr\u00e1s para que inicie su proceso de rehabilitaci\u00f3n. Sin embargo, a causa de su agravamiento, los m\u00e9dicos decidieron que retorne a su hospital de cabecera, en d\u00f3nde hab\u00eda sido ingresado en el mes de junio tras sufrir un paro card\u00edaco.<\/p>\n\n\n\n<p>El periodista tuvo varias internaciones en el pasado, pero esta es la segunda vez que lo ingresan en dicho hospital por dificultades en su cuadro, que encienden alarmas tanto para su entorno familiar como para los profesionales que siguen de cerca su evoluci\u00f3n.<\/p>\n\n\n\n<p>El 10 de septiembre, el conductor de Lanata sin filtro, hab\u00eda sido trasladado a la cl\u00ednica de neurorrehabilitaci\u00f3n tras permanecer desde el 14 de junio en el Hospital Italiano, fecha en la que se descompens\u00f3 mientras le hac\u00edan chequeos de rutina.<\/p>\n\n\n\n<p>Sin embargo, el 18 de septiembre fue internado en terapia intensiva por una neumon\u00eda, fiebre, e infecci\u00f3n urinaria. Estuvo seis d\u00edas internado y con posterioridad fue dado de alta para que contin\u00fae su rehabilitaci\u00f3n en la Cl\u00ednica Santa Catalina.<\/p>\n\n\n\n<p>Noticia en desarrollo.<\/p>\n","protected":false},"excerpt":{"rendered":"<p>El periodista Jorge Lanata fue internado nuevamente en el Hospital Italiano tras nuevas complicaciones en su cuadro de salud. Seg&uacute;n trascendi&oacute;, ser&iacute;a por un estado febril y problemas urinarios. Lanata se encontraba hasta hoy en la Cl&iacute;nica Santa Catalina, donde hab&iacute;a sido derivado d&iacute;as atr&aacute;s para que inicie su proceso de rehabilitaci&oacute;n. Sin embargo, a [&hellip;]<\/p>\n","protected":false},"author":2,"featured_media":8107,"comment_status":"open","ping_status":"open","sticky":false,"template":"","format":"standard","meta":{"footnotes":""},"categories":[5,726],"tags":[3621,3620,2857,541],"class_list":["post-8106","post","type-post","status-publish","format-standard","has-post-thumbnail","hentry","category-nacionales","category-sociedad","tag-complicaciones","tag-hospital-italiano","tag-internado","tag-jorge-lanata"],"_links":{"self":[{"href":"https:\/\/partediario.com.ar\/index.php?rest_route=\/wp\/v2\/posts\/8106","targetHints":{"allow":["GET"]}}],"collection":[{"href":"https:\/\/partediario.com.ar\/index.php?rest_route=\/wp\/v2\/posts"}],"about":[{"href":"https:\/\/partediario.com.ar\/index.php?rest_route=\/wp\/v2\/types\/post"}],"author":[{"embeddable":true,"href":"https:\/\/partediario.com.ar\/index.php?rest_route=\/wp\/v2\/users\/2"}],"replies":[{"embeddable":true,"href":"https:\/\/partediario.com.ar\/index.php?rest_route=%2Fwp%2Fv2%2Fcomments&post=8106"}],"version-history":[{"count":1,"href":"https:\/\/partediario.com.ar\/index.php?rest_route=\/wp\/v2\/posts\/8106\/revisions"}],"predecessor-version":[{"id":8108,"href":"https:\/\/partediario.com.ar\/index.php?rest_route=\/wp\/v2\/posts\/8106\/revisions\/8108"}],"wp:featuredmedia":[{"embeddable":true,"href":"https:\/\/partediario.com.ar\/index.php?rest_route=\/wp\/v2\/media\/8107"}],"wp:attachment":[{"href":"https:\/\/partediario.com.ar\/index.php?rest_route=%2Fwp%2Fv2%2Fmedia&parent=8106"}],"wp:term":[{"taxonomy":"category","embeddable":true,"href":"https:\/\/partediario.com.ar\/index.php?rest_route=%2Fwp%2Fv2%2Fcategories&post=8106"},{"taxonomy":"post_tag","embeddable":true,"href":"https:\/\/partediario.com.ar\/index.php?rest_route=%2Fwp%2Fv2%2Ftags&post=8106"}],"curies":[{"name":"wp","href":"https:\/\/api.w.org\/{rel}","templated":true}]}}