{"id":8110,"date":"2024-10-06T11:54:06","date_gmt":"2024-10-06T14:54:06","guid":{"rendered":"https:\/\/partediario.com.ar\/?p=8110"},"modified":"2024-10-07T11:24:55","modified_gmt":"2024-10-07T14:24:55","slug":"para-carrio-milei-es-roedor","status":"publish","type":"post","link":"https:\/\/partediario.com.ar\/?p=8110","title":{"rendered":"Para Carri\u00f3, Milei es \u00abroedor\u00bb"},"content":{"rendered":"\n<h3 class=\"wp-block-heading\">La l\u00edder de la Coalici\u00f3n C\u00edvica (CC), Elisa Carri\u00f3, asegur\u00f3 que La Libertad Avanza (LLA) \u00abse est\u00e1 tragando\u00bb a Mauricio Macri, uno de sus aliados, y adem\u00e1s critic\u00f3 duraante al presidente Javier Milei, a quien calific\u00f3 como \u00abun roedor\u00bb.<\/h3>\n\n\n\n<p>\u00abMacri nunca fue de clase media, porque su padre (Franco) era un maestro mayor de obra y \u00e9l es hijo de nuevo rico. No tiene el entramado de lo que fue el troncal de la clase media argentina\u00bb, afirm\u00f3.<\/p>\n\n\n\n<p>En declaraciones radiales, Carri\u00f3 indic\u00f3 que \u00abfinalmente se lo est\u00e1n tragando a Macri. C\u00f3mo era evidente que se lo iban a tragar. Y su brazo es Patricia (Bullrich). Sab\u00eda que lo iba a hacer, la quiero mucho, pero la conozco. Va comprando dirigente por dirigente\u00bb, dispar\u00f3.<\/p>\n\n\n\n<p>\u00abElla se va con el que tiene \u00e9xito\u00bb, dijo sobre Bullrich y su acercamiento al presidente Milei.<\/p>\n\n\n\n<p>Sobre el mandatario nacional, expres\u00f3 que \u00abmata por desfinanciamiento. Es un roedor y estoy utilizando las palabras del propio Milei, que nadie se atreve a repetirlas, pero que las dijo por toda Europa: \u2018Yo soy el roedor que viene a destruir el Estado Nacional, que es una asociaci\u00f3n il\u00edcita\u2019\u00bb, argument\u00f3 Carri\u00f3.<\/p>\n\n\n\n<p>\u00abEse se\u00f1or que nunca fue a una escuela o universidad p\u00fablica, que me parece profundamente inculto, est\u00e1 afectando un punto troncal. No se trata ya de aumento s\u00ed o no a los profesores. Lo dije una vez: \u2018hay que ver el huevo de la serpiente. Cuando no se ve el huevo de la serpiente, estamos fritos\u2019. Entonces, \u00e9l va por la liquidaci\u00f3n de la educaci\u00f3n p\u00fablica\u00bb, expres\u00f3.<\/p>\n\n\n\n<p>Ante la incertidumbre sobre a postura que adoptar\u00e1n los legisladores que responden al PRO el pr\u00f3ximo mi\u00e9rcoles por el veto a la ley de Financiamiento Universitario, la dirigente destac\u00f3 que \u00abno pueden salir a caminar a la calle si est\u00e1 en contra de la educaci\u00f3n universitaria, porque la mayor\u00eda son egresados\u00bb.<\/p>\n","protected":false},"excerpt":{"rendered":"<p>La l&iacute;der de la Coalici&oacute;n C&iacute;vica (CC), Elisa Carri&oacute;, asegur&oacute; que La Libertad Avanza (LLA) &laquo;se est&aacute; tragando&raquo; a Mauricio Macri, uno de sus aliados, y adem&aacute;s critic&oacute; duraante al presidente Javier Milei, a quien calific&oacute; como &laquo;un roedor&raquo;. &laquo;Macri nunca fue de clase media, porque su padre (Franco) era un maestro mayor de obra [&hellip;]<\/p>\n","protected":false},"author":2,"featured_media":8111,"comment_status":"open","ping_status":"open","sticky":false,"template":"","format":"standard","meta":{"footnotes":""},"categories":[5,176],"tags":[3622,232,1101,3623],"class_list":["post-8110","post","type-post","status-publish","format-standard","has-post-thumbnail","hentry","category-nacionales","category-politica","tag-elisa-carrio","tag-javier-milei","tag-mauricio-macri","tag-roedor"],"_links":{"self":[{"href":"https:\/\/partediario.com.ar\/index.php?rest_route=\/wp\/v2\/posts\/8110","targetHints":{"allow":["GET"]}}],"collection":[{"href":"https:\/\/partediario.com.ar\/index.php?rest_route=\/wp\/v2\/posts"}],"about":[{"href":"https:\/\/partediario.com.ar\/index.php?rest_route=\/wp\/v2\/types\/post"}],"author":[{"embeddable":true,"href":"https:\/\/partediario.com.ar\/index.php?rest_route=\/wp\/v2\/users\/2"}],"replies":[{"embeddable":true,"href":"https:\/\/partediario.com.ar\/index.php?rest_route=%2Fwp%2Fv2%2Fcomments&post=8110"}],"version-history":[{"count":1,"href":"https:\/\/partediario.com.ar\/index.php?rest_route=\/wp\/v2\/posts\/8110\/revisions"}],"predecessor-version":[{"id":8112,"href":"https:\/\/partediario.com.ar\/index.php?rest_route=\/wp\/v2\/posts\/8110\/revisions\/8112"}],"wp:featuredmedia":[{"embeddable":true,"href":"https:\/\/partediario.com.ar\/index.php?rest_route=\/wp\/v2\/media\/8111"}],"wp:attachment":[{"href":"https:\/\/partediario.com.ar\/index.php?rest_route=%2Fwp%2Fv2%2Fmedia&parent=8110"}],"wp:term":[{"taxonomy":"category","embeddable":true,"href":"https:\/\/partediario.com.ar\/index.php?rest_route=%2Fwp%2Fv2%2Fcategories&post=8110"},{"taxonomy":"post_tag","embeddable":true,"href":"https:\/\/partediario.com.ar\/index.php?rest_route=%2Fwp%2Fv2%2Ftags&post=8110"}],"curies":[{"name":"wp","href":"https:\/\/api.w.org\/{rel}","templated":true}]}}