{"id":8116,"date":"2024-10-06T12:08:42","date_gmt":"2024-10-06T15:08:42","guid":{"rendered":"https:\/\/partediario.com.ar\/?p=8116"},"modified":"2024-10-07T11:24:47","modified_gmt":"2024-10-07T14:24:47","slug":"nuevo-foco-de-incendio-en-san-jose-de-la-dormida-cordoba","status":"publish","type":"post","link":"https:\/\/partediario.com.ar\/?p=8116","title":{"rendered":"Nuevo foco de incendio en San Jos\u00e9 de la Dormida, C\u00f3rdoba"},"content":{"rendered":"\n<h3 class=\"wp-block-heading\">Un nuevo foco de incendio se desat\u00f3 este s\u00e1bado en la localidad de San Jos\u00e9 de la Dormida, que se sum\u00f3 a los que ya estaban activos en Chancan\u00ed y Berrotar\u00e1n, en otra jornada marcada por las complicadas condiciones clim\u00e1tol\u00f3gicas.<\/h3>\n\n\n\n<p>El fuego en San Jos\u00e9 de la Dormida estaba a unos cuatro kil\u00f3metros del pueblo, mientras los bomberos trabajaban para contenerlo, y las autoridades aseguraron que la zona se encuentra en \u00abalerta m\u00e1xima\u00bb, la polic\u00eda tuvo cortar la ruta debido a la escasa visibilidad.<\/p>\n\n\n\n<p>San Jos\u00e9 de la Dormida es una peque\u00f1a localidad que pertenece al departamento Tulumba, tiene unos 6.000 habitantes y est\u00e1 ubicada a unos 125 kil\u00f3metros de C\u00f3rdoba capital.<\/p>\n\n\n\n<p>Este foco se sum\u00f3 a otros que estaban activos en Chancan\u00ed (departamento Pocho) y en Berrotar\u00e1n (R\u00edo Cuarto), donde lamentablemente el calor y el viento reavivaron las llamas en las \u00faltimas horas.<\/p>\n\n\n\n<p>La Secretar\u00eda de Gesti\u00f3n de Riesgo del Ministerio de Seguridad inform\u00f3 que el incendio de Quebrada de la Mermela ten\u00eda poca actividad y que en Villa Berna hab\u00eda una guardia de cenizas.<\/p>\n\n\n\n<p><strong>Actividad s\u00edsmica<\/strong><\/p>\n\n\n\n<p>Desde el domingo pasado se dieron una decena de sismos en la provincia, que complicaron el panorama en medio de la tragedia signada por el fuego.<\/p>\n\n\n\n<p>Los \u00faltimos cuatro sucedieron con pocas horas de diferencia: tres fueron durante la tarde y la noche del jueves y el cuarto en la madrugada del viernes.<\/p>\n\n\n\n<p>Sobre este tema, Gabriela Badi, doctora en Geof\u00edsica de la UNLP, especialista en sismolog\u00eda e investigadora, habl\u00f3 y derrib\u00f3 los mitos y verdades sobre este fen\u00f3meno y los focos activos de incendio.<\/p>\n\n\n\n<p>En ese sentido, Badi fue contundente al explicar que no es factible esa asociaci\u00f3n: \u00abLos sismos ocurren en profundidad por debajo de la superficie de la tierra y dependen de la tect\u00f3nica, en cambio, los incendios, son causados por el hombre, ya sea por descuido o de manera intencional\u00bb.<\/p>\n\n\n\n<p>Y agreg\u00f3: \u00abEstos sismos se asocian a aquellos que ocurren en todo el oeste de nuestro pa\u00eds y se vinculan a la subducci\u00f3n de la placa de Nazca bajo la placa Sudamericana\u00bb, precis\u00f3 y destac\u00f3 que, en las zonas de San Juan, Mendoza, La Rioja, parte de C\u00f3rdoba y San Luis, la placa de Nazca avanza muy pegada por debajo de la Sudamericana: \u00abEs por la fricci\u00f3n y los esfuerzos entre ambas y en cada una de ellas que se producen muchos sismos\u00bb.<\/p>\n\n\n\n<p>Acerca de si existen \u00abtemporadas\u00bb de sismos en la Argentina, Badi explic\u00f3 que no hay meses donde hay m\u00e1s movimientos ya que \u00abno se relacionan con el clima\u00bb, fen\u00f3meno que s\u00ed pasa, en efecto, con Estados Unidos y los huracanes, los cuales \u00abdependen de las condiciones de presi\u00f3n y temperatura atmosf\u00e9rica\u00bb y eso \u00abvar\u00eda con las estaciones\u00bb.<\/p>\n\n\n\n<p>\u00abLos sismos ocurren dentro de la tierra y es debido a las enormes fuerzas entre las rocas, las cuales no se ven afectadas por las variaciones que haya sobre la superficie\u00bb, concluy\u00f3.<\/p>\n","protected":false},"excerpt":{"rendered":"<p>Un nuevo foco de incendio se desat&oacute; este s&aacute;bado en la localidad de San Jos&eacute; de la Dormida, que se sum&oacute; a los que ya estaban activos en Chancan&iacute; y Berrotar&aacute;n, en otra jornada marcada por las complicadas condiciones clim&aacute;tol&oacute;gicas. El fuego en San Jos&eacute; de la Dormida estaba a unos cuatro kil&oacute;metros del pueblo, [&hellip;]<\/p>\n","protected":false},"author":2,"featured_media":8117,"comment_status":"open","ping_status":"open","sticky":false,"template":"","format":"standard","meta":{"footnotes":""},"categories":[5,726],"tags":[303,3595,2998],"class_list":["post-8116","post","type-post","status-publish","format-standard","has-post-thumbnail","hentry","category-nacionales","category-sociedad","tag-cordoba","tag-focos","tag-incendios"],"_links":{"self":[{"href":"https:\/\/partediario.com.ar\/index.php?rest_route=\/wp\/v2\/posts\/8116","targetHints":{"allow":["GET"]}}],"collection":[{"href":"https:\/\/partediario.com.ar\/index.php?rest_route=\/wp\/v2\/posts"}],"about":[{"href":"https:\/\/partediario.com.ar\/index.php?rest_route=\/wp\/v2\/types\/post"}],"author":[{"embeddable":true,"href":"https:\/\/partediario.com.ar\/index.php?rest_route=\/wp\/v2\/users\/2"}],"replies":[{"embeddable":true,"href":"https:\/\/partediario.com.ar\/index.php?rest_route=%2Fwp%2Fv2%2Fcomments&post=8116"}],"version-history":[{"count":1,"href":"https:\/\/partediario.com.ar\/index.php?rest_route=\/wp\/v2\/posts\/8116\/revisions"}],"predecessor-version":[{"id":8118,"href":"https:\/\/partediario.com.ar\/index.php?rest_route=\/wp\/v2\/posts\/8116\/revisions\/8118"}],"wp:featuredmedia":[{"embeddable":true,"href":"https:\/\/partediario.com.ar\/index.php?rest_route=\/wp\/v2\/media\/8117"}],"wp:attachment":[{"href":"https:\/\/partediario.com.ar\/index.php?rest_route=%2Fwp%2Fv2%2Fmedia&parent=8116"}],"wp:term":[{"taxonomy":"category","embeddable":true,"href":"https:\/\/partediario.com.ar\/index.php?rest_route=%2Fwp%2Fv2%2Fcategories&post=8116"},{"taxonomy":"post_tag","embeddable":true,"href":"https:\/\/partediario.com.ar\/index.php?rest_route=%2Fwp%2Fv2%2Ftags&post=8116"}],"curies":[{"name":"wp","href":"https:\/\/api.w.org\/{rel}","templated":true}]}}