{"id":8119,"date":"2024-10-06T12:43:08","date_gmt":"2024-10-06T15:43:08","guid":{"rendered":"https:\/\/partediario.com.ar\/?p=8119"},"modified":"2024-10-07T11:24:41","modified_gmt":"2024-10-07T14:24:41","slug":"techint-busca-en-el-pais-400-jovenes-profesionales","status":"publish","type":"post","link":"https:\/\/partediario.com.ar\/?p=8119","title":{"rendered":"Techint busca en el pa\u00eds 400 j\u00f3venes profesionales"},"content":{"rendered":"\n<h3 class=\"wp-block-heading\">El Grupo Techint inici\u00f3 una gira nacional para incorporar a 400 estudiantes y reci\u00e9n graduados a su Programa de J\u00f3venes Profesionales (JP) y sus Pr\u00e1cticas Educativas de Verano (PEV).<\/h3>\n\n\n\n<p>Se trata de dos iniciativas que tienen como objetivo garantizar el desarrollo de profesionales y fomentar el networking.<\/p>\n\n\n\n<p>La empresa, que actualmente emplea a m\u00e1s de 19.000 personas, visitar\u00e1 Salta, Tucum\u00e1n, San Juan, Mendoza, Buenos Aires, Santa Fe, C\u00f3rdoba, Chubut y Neuqu\u00e9n, y focalizar\u00e1 en j\u00f3venes orientados a las Ingenier\u00edas, las Ciencias Econ\u00f3micas y Sistemas, entre otras carreras.<\/p>\n\n\n\n<p>Las principales habilidades que seleccionar\u00e1n en el Grupo Techint son la efectividad, el trabajo en equipo, el manejo de los tiempos y prioridades, la b\u00fasqueda constante de la innovaci\u00f3n y la mejora a trav\u00e9s de la incorporaci\u00f3n de nuevas tecnolog\u00edas.<\/p>\n\n\n\n<p>Adem\u00e1s todo lo relacionado con la econom\u00eda del conocimiento como inteligencia artificial, automaci\u00f3n, robotizaci\u00f3n, machine learning, big data, que seguir\u00e1n en crecimiento.<\/p>\n\n\n\n<p>El Programa de Pr\u00e1cticas Educativas de Verano (PEV), que cumple 40 a\u00f1os y ya ayud\u00f3 a 7000 j\u00f3venes en toda la Argentina, est\u00e1 orientado a estudiantes universitarios avanzados que buscan dar sus primeros pasos en el mundo laboral a trav\u00e9s de una experiencia de tres meses trabajando en compa\u00f1\u00edas l\u00edderes.<\/p>\n\n\n\n<p>A partir del 6 de enero de 2025, podr\u00e1n formar parte de equipos de trabajo que les permitir\u00e1n complementar su formaci\u00f3n acad\u00e9mica.<\/p>\n\n\n\n<p>Adem\u00e1s, el Programa de J\u00f3venes Profesionales (JP) -pionero en la Argentina- est\u00e1 dirigido a graduados recientes o estudiantes en su \u00faltimo a\u00f1o de carrera que busquen una incorporaci\u00f3n efectiva.<\/p>\n\n\n\n<p>A lo largo de la experiencia, los participantes tendr\u00e1n la oportunidad de capacitarse, hacer networking con colegas de todo el mundo y rotar de \u00e1reas para tener una visi\u00f3n global de la compa\u00f1\u00eda.<\/p>\n\n\n\n<p>Desde su creaci\u00f3n, hace 41 a\u00f1os, pasaron m\u00e1s de 6000 personas. En la actualidad hay 589 j\u00f3venes profesionales activos, y el 51% de los altos directivos de la compa\u00f1\u00eda empezaron su carrera como JP.<\/p>\n\n\n\n<p><strong>C\u00f3mo postularse<\/strong><\/p>\n\n\n\n<p>La convocatoria durar\u00e1 hasta el 30 de noviembre y ser\u00e1n recibidos aquellos estudiantes universitarios que hayan aprobado por lo menos el 50% de la carrera o graduados de las siguientes carreras: Ingenier\u00eda Industrial, Mec\u00e1nica, El\u00e9ctrica, Electricista, Electr\u00f3nica, Electromec\u00e1nica, Qu\u00edmica, Materiales, Petr\u00f3leo o Sistemas, Contadur\u00eda, Recursos Humanos, Comunicaci\u00f3n, y Administraci\u00f3n.<\/p>\n\n\n\n<p><strong>C\u00f3mo acceder<\/strong><\/p>\n\n\n\n<p>Para postularse, los estudiantes deben ingresar en careers.techint.com, filtrar por la palabra clave \u201cPEV\u201d o \u201cJP\u201d, y seleccionar la localidad en la que les gustar\u00eda aplicar.<\/p>\n\n\n\n<p>Una vez postulado, y si el perfil coincide con los requisitos buscados, la empresa se pondr\u00e1 en contacto para iniciar el proceso de selecci\u00f3n.<\/p>\n\n\n\n<p>Los ingresantes como JP contar\u00e1n con beneficios tales como una semana adicional de vacaciones, cobertura m\u00e9dica, bonos por performance y por resultados de la compa\u00f1\u00eda, cobros adicionales por almuerzo, descuentos en gimnasios y diversas marcas, capacitaciones en idiomas y convenios con universidades, formaci\u00f3n constante y cursos.<\/p>\n\n\n\n<p><strong>Las fechas de la gira nacional<\/strong><\/p>\n\n\n\n<ul class=\"wp-block-list\">\n<li>10\/10 en Mar del Plata<\/li>\n\n\n\n<li>15\/10 en C\u00f3rdoba<\/li>\n\n\n\n<li>17\/10 en Comodoro Rivadavia<\/li>\n\n\n\n<li>18\/10 en San Juan<\/li>\n\n\n\n<li>17\/10 en Mendoza<\/li>\n\n\n\n<li>24\/10 en Santa Fe<\/li>\n\n\n\n<li>31\/10 en Neuqu\u00e9n<\/li>\n\n\n\n<li>31\/10 en Rosario<\/li>\n\n\n\n<li>31\/10 en San Nicol\u00e1s<\/li>\n\n\n\n<li>7\/11 en La Plata<\/li>\n\n\n\n<li>14\/11 en Ciudad de Buenos Aires y Gran Buenos Aires.<\/li>\n<\/ul>\n","protected":false},"excerpt":{"rendered":"<p>El Grupo Techint inici&oacute; una gira nacional para incorporar a 400 estudiantes y reci&eacute;n graduados a su Programa de J&oacute;venes Profesionales (JP) y sus Pr&aacute;cticas Educativas de Verano (PEV). Se trata de dos iniciativas que tienen como objetivo garantizar el desarrollo de profesionales y fomentar el networking. La empresa, que actualmente emplea a m&aacute;s de [&hellip;]<\/p>\n","protected":false},"author":2,"featured_media":8120,"comment_status":"open","ping_status":"open","sticky":false,"template":"","format":"standard","meta":{"footnotes":""},"categories":[5,726],"tags":[411,449,3625,3400],"class_list":["post-8119","post","type-post","status-publish","format-standard","has-post-thumbnail","hentry","category-nacionales","category-sociedad","tag-argentina","tag-busqueda","tag-grupo-techint","tag-profesionales"],"_links":{"self":[{"href":"https:\/\/partediario.com.ar\/index.php?rest_route=\/wp\/v2\/posts\/8119","targetHints":{"allow":["GET"]}}],"collection":[{"href":"https:\/\/partediario.com.ar\/index.php?rest_route=\/wp\/v2\/posts"}],"about":[{"href":"https:\/\/partediario.com.ar\/index.php?rest_route=\/wp\/v2\/types\/post"}],"author":[{"embeddable":true,"href":"https:\/\/partediario.com.ar\/index.php?rest_route=\/wp\/v2\/users\/2"}],"replies":[{"embeddable":true,"href":"https:\/\/partediario.com.ar\/index.php?rest_route=%2Fwp%2Fv2%2Fcomments&post=8119"}],"version-history":[{"count":1,"href":"https:\/\/partediario.com.ar\/index.php?rest_route=\/wp\/v2\/posts\/8119\/revisions"}],"predecessor-version":[{"id":8121,"href":"https:\/\/partediario.com.ar\/index.php?rest_route=\/wp\/v2\/posts\/8119\/revisions\/8121"}],"wp:featuredmedia":[{"embeddable":true,"href":"https:\/\/partediario.com.ar\/index.php?rest_route=\/wp\/v2\/media\/8120"}],"wp:attachment":[{"href":"https:\/\/partediario.com.ar\/index.php?rest_route=%2Fwp%2Fv2%2Fmedia&parent=8119"}],"wp:term":[{"taxonomy":"category","embeddable":true,"href":"https:\/\/partediario.com.ar\/index.php?rest_route=%2Fwp%2Fv2%2Fcategories&post=8119"},{"taxonomy":"post_tag","embeddable":true,"href":"https:\/\/partediario.com.ar\/index.php?rest_route=%2Fwp%2Fv2%2Ftags&post=8119"}],"curies":[{"name":"wp","href":"https:\/\/api.w.org\/{rel}","templated":true}]}}