{"id":8129,"date":"2024-10-06T13:15:05","date_gmt":"2024-10-06T16:15:05","guid":{"rendered":"https:\/\/partediario.com.ar\/?p=8129"},"modified":"2024-10-06T13:15:13","modified_gmt":"2024-10-06T16:15:13","slug":"jujuy-primera-muestra-de-educacion-comunitaria-en-la-region-yungas","status":"publish","type":"post","link":"https:\/\/partediario.com.ar\/?p=8129","title":{"rendered":"Jujuy: primera muestra de Educaci\u00f3n Comunitaria en la regi\u00f3n Yungas"},"content":{"rendered":"\n<h3 class=\"wp-block-heading\">En la plaza central de San Pedro de Jujuy se realiz\u00f3 este viernes una muestra de la regi\u00f3n Yungas de Educaci\u00f3n Comunitaria del Ministerio de Educaci\u00f3n.<\/h3>\n\n\n\n<p>Al mismo asisti\u00f3 el secretario de Pol\u00edticas Socioeducativas Julio Alarc\u00f3n y la directora de Educaci\u00f3n Comunitaria Miriam Garz\u00f3n.<\/p>\n\n\n\n<p>\u00abLa educaci\u00f3n comunitaria forma parte de los lineamientos del Ministerio de Educaci\u00f3n de Jujuy. En ese sentido vamos a seguir construyendo en lo educativo y en lo social\u00bb, destac\u00f3 Alarc\u00f3n.<\/p>\n\n\n\n<p>\u00abLa educaci\u00f3n nos desaf\u00eda y ustedes tienen la mirada m\u00e1s abierta respecto de las estrategia de inclusi\u00f3n a trav\u00e9s de la educaci\u00f3n comunitaria\u00bb, expres\u00f3 Alarc\u00f3n, quien dej\u00f3 el saludo enviado por la ministra Miriam Serrano.<\/p>\n\n\n\n<p><\/p>\n\n\n\n<figure class=\"wp-block-image size-large\"><img loading=\"lazy\" decoding=\"async\" width=\"1024\" height=\"757\" src=\"https:\/\/partediario.com.ar\/wp-content\/uploads\/imagen-whatsapp-2024-10-05-las-1-1024x757.webp\" alt=\"\" class=\"wp-image-8130\" srcset=\"https:\/\/partediario.com.ar\/wp-content\/uploads\/imagen-whatsapp-2024-10-05-las-1-1024x757.webp 1024w, https:\/\/partediario.com.ar\/wp-content\/uploads\/imagen-whatsapp-2024-10-05-las-1-300x222.webp 300w, https:\/\/partediario.com.ar\/wp-content\/uploads\/imagen-whatsapp-2024-10-05-las-1-768x568.webp 768w, https:\/\/partediario.com.ar\/wp-content\/uploads\/imagen-whatsapp-2024-10-05-las-1.webp 1031w\" sizes=\"auto, (max-width: 1024px) 100vw, 1024px\" \/><\/figure>\n\n\n\n<p><\/p>\n\n\n\n<p>En los diferentes espacios, los educadores comunitarios de las Yungas no solo mostraron lo que hacen sino que prepararon propuestas interactivas para el p\u00fablico. La directora de Educaci\u00f3n Comunitaria Miriam Garz\u00f3n dijo que este es \u00abel primer encuentro regi\u00f3n Yungas con la participaci\u00f3n de un centenar de educadores y cuarenta proyectos que visibilizaron sus actividades\u00bb. Proyectos para \u00abla primera infancia, de Aprender a Emprender, de educaci\u00f3n ambiental, c\u00f3mo as\u00ed tambi\u00e9n de pr\u00e1cticas art\u00edsticas para elaborar canales de comunicaci\u00f3n y expresi\u00f3n\u00bb.<\/p>\n\n\n\n<p>\u00abPor otro lado -sigui\u00f3- educaci\u00f3n para la salud, deporte social, interculturalidad y acompa\u00f1amiento escolar\u00bb. Recalc\u00f3 que \u00abtodos los proyectos tienen como eje transversal la Alfabetizaci\u00f3n\u00bb y adelant\u00f3 que habr\u00e1 otras muestras regionales, entre ellas el pr\u00f3ximo 18 de octubre en El Carmen.<\/p>\n","protected":false},"excerpt":{"rendered":"<p>En la plaza central de San Pedro de Jujuy se realiz&oacute; este viernes una muestra de la regi&oacute;n Yungas de Educaci&oacute;n Comunitaria del Ministerio de Educaci&oacute;n. Al mismo asisti&oacute; el secretario de Pol&iacute;ticas Socioeducativas Julio Alarc&oacute;n y la directora de Educaci&oacute;n Comunitaria Miriam Garz&oacute;n. &laquo;La educaci&oacute;n comunitaria forma parte de los lineamientos del Ministerio de [&hellip;]<\/p>\n","protected":false},"author":2,"featured_media":8131,"comment_status":"open","ping_status":"open","sticky":false,"template":"","format":"standard","meta":{"footnotes":""},"categories":[8],"tags":[3630,3351,753,3632,3634,3631],"class_list":["post-8129","post","type-post","status-publish","format-standard","has-post-thumbnail","hentry","category-provinciales","tag-comunitaria","tag-educacion","tag-jujuy","tag-julio-alarcon","tag-miriam-garzon","tag-yungas"],"_links":{"self":[{"href":"https:\/\/partediario.com.ar\/index.php?rest_route=\/wp\/v2\/posts\/8129","targetHints":{"allow":["GET"]}}],"collection":[{"href":"https:\/\/partediario.com.ar\/index.php?rest_route=\/wp\/v2\/posts"}],"about":[{"href":"https:\/\/partediario.com.ar\/index.php?rest_route=\/wp\/v2\/types\/post"}],"author":[{"embeddable":true,"href":"https:\/\/partediario.com.ar\/index.php?rest_route=\/wp\/v2\/users\/2"}],"replies":[{"embeddable":true,"href":"https:\/\/partediario.com.ar\/index.php?rest_route=%2Fwp%2Fv2%2Fcomments&post=8129"}],"version-history":[{"count":1,"href":"https:\/\/partediario.com.ar\/index.php?rest_route=\/wp\/v2\/posts\/8129\/revisions"}],"predecessor-version":[{"id":8132,"href":"https:\/\/partediario.com.ar\/index.php?rest_route=\/wp\/v2\/posts\/8129\/revisions\/8132"}],"wp:featuredmedia":[{"embeddable":true,"href":"https:\/\/partediario.com.ar\/index.php?rest_route=\/wp\/v2\/media\/8131"}],"wp:attachment":[{"href":"https:\/\/partediario.com.ar\/index.php?rest_route=%2Fwp%2Fv2%2Fmedia&parent=8129"}],"wp:term":[{"taxonomy":"category","embeddable":true,"href":"https:\/\/partediario.com.ar\/index.php?rest_route=%2Fwp%2Fv2%2Fcategories&post=8129"},{"taxonomy":"post_tag","embeddable":true,"href":"https:\/\/partediario.com.ar\/index.php?rest_route=%2Fwp%2Fv2%2Ftags&post=8129"}],"curies":[{"name":"wp","href":"https:\/\/api.w.org\/{rel}","templated":true}]}}