{"id":8161,"date":"2024-10-07T11:23:52","date_gmt":"2024-10-07T14:23:52","guid":{"rendered":"https:\/\/partediario.com.ar\/?p=8161"},"modified":"2024-10-09T11:26:11","modified_gmt":"2024-10-09T14:26:11","slug":"julio-soler-reemplazara-a-marcos-acuna-en-la-seleccion-argentina","status":"publish","type":"post","link":"https:\/\/partediario.com.ar\/?p=8161","title":{"rendered":"Julio Soler reemplazar\u00e1 a Marcos Acu\u00f1a en la Selecci\u00f3n argentina"},"content":{"rendered":"\n<h3 class=\"wp-block-heading\">El defensor Julio Soler, de tan solo 19 a\u00f1os, fue convocado de urgencia a la Selecci\u00f3n argentina para reemplazar a Marcos Acu\u00f1a, quien sali\u00f3 debido a molestias en el partido entre River y Platense.<\/h3>\n\n\n\n<p>Esta es la primera convocatoria a la Selecci\u00f3n mayor para el joven de 19 a\u00f1os, que debut\u00f3 en Lan\u00fas en 2022 y este a\u00f1o se asent\u00f3 como una de las grandes promesas del f\u00fatbol argentino.<\/p>\n\n\n\n<p>De todos modos, esta no es la primera vez que se pone la \u201cceleste y blanca\u201d, ya que represent\u00f3 a la Argentina en los Juegos Ol\u00edmpicos de Par\u00eds 2024, donde disput\u00f3 los cuatro partidos hasta la eliminaci\u00f3n en cuartos de final a manos de los locales.<\/p>\n\n\n\n<p>Soler naci\u00f3 en Asunci\u00f3n, la capital de Paraguay, pero vive en la Argentina desde muy chico.<\/p>\n\n\n\n<p>Si bien esta situaci\u00f3n le pone el camino m\u00e1s allanado para ser titular en esta doble fecha de Eliminatorias Sudamericanas a Nicol\u00e1s Tagliafico, que en los \u00faltimos a\u00f1os le gan\u00f3 la pulseada a Acu\u00f1a, Soler podr\u00eda sumar minutos ante Venezuela o Bolivia, los pr\u00f3ximos rivales de la Selecci\u00f3n argentina.<\/p>\n\n\n\n<p>Otro convocado de \u00faltimo momento fue el volante ofensivo Facundo Buonanotte, otro jugador de solo 19 a\u00f1os que busca ser una de las figuras de la Selecci\u00f3n argentina en el futuro.<\/p>\n\n\n\n<p>El jugador surgido en Rosario Central, que actualmente se desempe\u00f1a en el Brighton de la Premier League, se suma a la convocatoria para tapar el espacio que dejan Nicol\u00e1s Gonz\u00e1lez (Juventus) y Paulo Dybala (Roma) por sus respectivas lesiones.<\/p>\n\n\n\n<p><strong>Qu\u00e9 ocurri\u00f3 con Marcos Acu\u00f1a<\/strong><\/p>\n\n\n\n<p>El \u201cHuevo\u201d debi\u00f3 ser reemplazado durante el partido en el que River empat\u00f3 sin goles en su visita a Platense.<\/p>\n\n\n\n<p>Por este motivo es que el director t\u00e9cnico de la Selecci\u00f3n argentina, Lionel Scaloni, decidi\u00f3 desafectarlo y convocar de urgencia a Soler.<\/p>\n","protected":false},"excerpt":{"rendered":"<p>El defensor Julio Soler, de tan solo 19 a&ntilde;os, fue convocado de urgencia a la Selecci&oacute;n argentina para reemplazar a Marcos Acu&ntilde;a, quien sali&oacute; debido a molestias en el partido entre River y Platense. Esta es la primera convocatoria a la Selecci&oacute;n mayor para el joven de 19 a&ntilde;os, que debut&oacute; en Lan&uacute;s en 2022 [&hellip;]<\/p>\n","protected":false},"author":2,"featured_media":8162,"comment_status":"open","ping_status":"open","sticky":false,"template":"","format":"standard","meta":{"footnotes":""},"categories":[4,5],"tags":[411,3648,3647,2681,3649,3650,740],"class_list":["post-8161","post","type-post","status-publish","format-standard","has-post-thumbnail","hentry","category-deportes","category-nacionales","tag-argentina","tag-facundo-buonanotte","tag-julio-soler","tag-marcos-acuna","tag-nicolas-gonzalez","tag-paulo-dybala","tag-seleccion"],"_links":{"self":[{"href":"https:\/\/partediario.com.ar\/index.php?rest_route=\/wp\/v2\/posts\/8161","targetHints":{"allow":["GET"]}}],"collection":[{"href":"https:\/\/partediario.com.ar\/index.php?rest_route=\/wp\/v2\/posts"}],"about":[{"href":"https:\/\/partediario.com.ar\/index.php?rest_route=\/wp\/v2\/types\/post"}],"author":[{"embeddable":true,"href":"https:\/\/partediario.com.ar\/index.php?rest_route=\/wp\/v2\/users\/2"}],"replies":[{"embeddable":true,"href":"https:\/\/partediario.com.ar\/index.php?rest_route=%2Fwp%2Fv2%2Fcomments&post=8161"}],"version-history":[{"count":1,"href":"https:\/\/partediario.com.ar\/index.php?rest_route=\/wp\/v2\/posts\/8161\/revisions"}],"predecessor-version":[{"id":8163,"href":"https:\/\/partediario.com.ar\/index.php?rest_route=\/wp\/v2\/posts\/8161\/revisions\/8163"}],"wp:featuredmedia":[{"embeddable":true,"href":"https:\/\/partediario.com.ar\/index.php?rest_route=\/wp\/v2\/media\/8162"}],"wp:attachment":[{"href":"https:\/\/partediario.com.ar\/index.php?rest_route=%2Fwp%2Fv2%2Fmedia&parent=8161"}],"wp:term":[{"taxonomy":"category","embeddable":true,"href":"https:\/\/partediario.com.ar\/index.php?rest_route=%2Fwp%2Fv2%2Fcategories&post=8161"},{"taxonomy":"post_tag","embeddable":true,"href":"https:\/\/partediario.com.ar\/index.php?rest_route=%2Fwp%2Fv2%2Ftags&post=8161"}],"curies":[{"name":"wp","href":"https:\/\/api.w.org\/{rel}","templated":true}]}}