{"id":8170,"date":"2024-10-07T20:05:37","date_gmt":"2024-10-07T23:05:37","guid":{"rendered":"https:\/\/partediario.com.ar\/?p=8170"},"modified":"2024-10-09T11:26:06","modified_gmt":"2024-10-09T14:26:06","slug":"los-gremios-del-transporte-definir-el-martes-si-van-a-un-paro","status":"publish","type":"post","link":"https:\/\/partediario.com.ar\/?p=8170","title":{"rendered":"Los gremios del transporte definen el martes si van a un paro"},"content":{"rendered":"\n<h3 class=\"wp-block-heading\">La Mesa Nacional de Transporte, que agrupa a los sindicatos del transporte de la CATT y la UGATT, confirm\u00f3 el plenario de ma\u00f1ana en el que definir\u00e1n si avanzar\u00e1n o no con la convocatoria a un paro total del sector en todo el territorio nacional.<\/h3>\n\n\n\n<p>Como lo hab\u00edan anticipado en su \u00faltimo plenario del jueves 26 de septiembre, los sindicatos del sector se reunir\u00e1n nuevamente este martes a las 10 en el Complejo Deportivo de la Federaci\u00f3n de Peones de Taxis, \u00abdonde tratar\u00e1n la realidad del sector y la coyuntura nacional\u00bb, se confirm\u00f3.<\/p>\n\n\n\n<p>Sin embargo, la atenci\u00f3n estar\u00e1 centrada en si definir\u00e1n o no un posible paro total del transporte para el 17 de este mes, fecha que coincide con el D\u00eda de la Lealtad Peronista.<\/p>\n\n\n\n<p>El plenario ser\u00e1 cerrado a los medios de comunicaci\u00f3n, pero a las 12 est\u00e1 prevista una conferencia de prensa, precisaron los organizadores.<\/p>\n\n\n\n<p>La mayor\u00eda de los sindicatos de la actividad (todos los de la CATT) est\u00e1n alineados con el moyanismo, es decir al ala m\u00e1s \u00abdura\u00bb de la CGT, pero el sector m\u00e1s \u00abdialoguista\u00bb acaba de reactivar el di\u00e1logo con la gesti\u00f3n de Javier Milei, por lo que no estaba claro qu\u00e9 definici\u00f3n se dar\u00e1.<\/p>\n\n\n\n<p>En este contexto, el influyente gremio de los colectiveros de la UTA, que integra la UGATT, tom\u00f3 distancia de la chance de ir a un paro y su no adhesi\u00f3n le quitar\u00eda fuerza a una medida que podr\u00edan impulsar los gremios de la CATT en su af\u00e1n de confrontar con el gobierno libertario.<\/p>\n\n\n\n<p>Se aguarda que al plenario concurran los secretarios generales Pablo Moyano (Camioneros); Juan Pablo Brey (Aeronavegantes); Omar Maturano (La Fraternidad); Mario Caligari (UTA); Juan Carlos Schmid (FeMPINRA); Pablo Bir\u00f3 (APLA); Emiliano Gramajo (AOITA); Javier L\u00f3pez (Seamara) y Ra\u00fal Durdos (SOMU), entre otros.<\/p>\n\n\n\n<p>La Mesa Nacional del Transporte fue creada semanas atr\u00e1s y en la reuni\u00f3n fundacional los gremios hab\u00edan manifestado: \u00abEstamos unidos por sobre nuestras centrales de transporte porque as\u00ed lo demanda la situaci\u00f3n pol\u00edtica que atravesamos\u00bb.<\/p>\n\n\n\n<p>\u00abNuestro eje es la defensa de la soberan\u00eda del pa\u00eds que est\u00e1 representada en las rutas nacionales, en los ferrocarriles, mares, r\u00edos y cielos, frente al atropello cotidiano que vemos implementa el gobierno de Javier Milei en cada modo\u00bb, lamentaban.<\/p>\n","protected":false},"excerpt":{"rendered":"<p>La Mesa Nacional de Transporte, que agrupa a los sindicatos del transporte de la CATT y la UGATT, confirm&oacute; el plenario de ma&ntilde;ana en el que definir&aacute;n si avanzar&aacute;n o no con la convocatoria a un paro total del sector en todo el territorio nacional. Como lo hab&iacute;an anticipado en su &uacute;ltimo plenario del jueves [&hellip;]<\/p>\n","protected":false},"author":2,"featured_media":8171,"comment_status":"open","ping_status":"open","sticky":false,"template":"","format":"standard","meta":{"footnotes":""},"categories":[978,5],"tags":[3654,2943,1725,3267,3655],"class_list":["post-8170","post","type-post","status-publish","format-standard","has-post-thumbnail","hentry","category-gremiales","category-nacionales","tag-catt","tag-huelga","tag-nacional","tag-pablo-moyano","tag-ugatt"],"_links":{"self":[{"href":"https:\/\/partediario.com.ar\/index.php?rest_route=\/wp\/v2\/posts\/8170","targetHints":{"allow":["GET"]}}],"collection":[{"href":"https:\/\/partediario.com.ar\/index.php?rest_route=\/wp\/v2\/posts"}],"about":[{"href":"https:\/\/partediario.com.ar\/index.php?rest_route=\/wp\/v2\/types\/post"}],"author":[{"embeddable":true,"href":"https:\/\/partediario.com.ar\/index.php?rest_route=\/wp\/v2\/users\/2"}],"replies":[{"embeddable":true,"href":"https:\/\/partediario.com.ar\/index.php?rest_route=%2Fwp%2Fv2%2Fcomments&post=8170"}],"version-history":[{"count":2,"href":"https:\/\/partediario.com.ar\/index.php?rest_route=\/wp\/v2\/posts\/8170\/revisions"}],"predecessor-version":[{"id":8176,"href":"https:\/\/partediario.com.ar\/index.php?rest_route=\/wp\/v2\/posts\/8170\/revisions\/8176"}],"wp:featuredmedia":[{"embeddable":true,"href":"https:\/\/partediario.com.ar\/index.php?rest_route=\/wp\/v2\/media\/8171"}],"wp:attachment":[{"href":"https:\/\/partediario.com.ar\/index.php?rest_route=%2Fwp%2Fv2%2Fmedia&parent=8170"}],"wp:term":[{"taxonomy":"category","embeddable":true,"href":"https:\/\/partediario.com.ar\/index.php?rest_route=%2Fwp%2Fv2%2Fcategories&post=8170"},{"taxonomy":"post_tag","embeddable":true,"href":"https:\/\/partediario.com.ar\/index.php?rest_route=%2Fwp%2Fv2%2Ftags&post=8170"}],"curies":[{"name":"wp","href":"https:\/\/api.w.org\/{rel}","templated":true}]}}