{"id":8173,"date":"2024-10-07T20:17:13","date_gmt":"2024-10-07T23:17:13","guid":{"rendered":"https:\/\/partediario.com.ar\/?p=8173"},"modified":"2024-10-08T11:10:37","modified_gmt":"2024-10-08T14:10:37","slug":"el-pro-confirmo-su-apoyo-al-veto-del-gobierno-a-la-ley-universitaria","status":"publish","type":"post","link":"https:\/\/partediario.com.ar\/?p=8173","title":{"rendered":"El PRO confirm\u00f3 su apoyo al veto del Gobierno a la ley universitaria"},"content":{"rendered":"\n<p class=\"has-medium-font-size\"><strong>EL partido propuesta Republicana (PRO), se pronunci\u00f3 esta tarde a favor de respaldar el veto del presidente Javier Milei a la ley de financiamiento universitario que se debatir\u00e1 el mi\u00e9rcoles pr\u00f3ximo en el Congreso, sin embargo critic\u00f3 la gesti\u00f3n nacional en materia de administraci\u00f3n de las casas de altos estudios.<\/strong><\/p>\n\n\n\n<p>Tal como lo anticip\u00f3 este medio, la postura se adopt\u00f3 tras la reuni\u00f3n de la mesa directiva del partido que estuvo encabezada por el ex presidente Mauricio Macri, y que cont\u00f3 la presencia de gobernadores y referentes legislativos del espacio.<\/p>\n\n\n\n<p><\/p>\n\n\n\n<figure class=\"wp-block-embed is-type-wp-embed is-provider-incrustado wp-block-embed-incrustado\"><div class=\"wp-block-embed__wrapper\">\n<blockquote class=\"wp-embedded-content\" data-secret=\"dykyzvvtO6\"><a href=\"https:\/\/partediario.com.ar\/?p=8125\">Macri se alinea con el Gobierno que busca desfinanciar a las universidades p\u00fablicas<\/a><\/blockquote><iframe loading=\"lazy\" class=\"wp-embedded-content\" sandbox=\"allow-scripts\" security=\"restricted\" style=\"position: absolute; visibility: hidden;\" title=\"&#8220;Macri se alinea con el Gobierno que busca desfinanciar a las universidades p\u00fablicas&#8221; &#8212; \" src=\"https:\/\/partediario.com.ar\/?p=8125&#038;embed=true#?secret=ilw2SsXDXS#?secret=dykyzvvtO6\" data-secret=\"dykyzvvtO6\" width=\"600\" height=\"338\" frameborder=\"0\" marginwidth=\"0\" marginheight=\"0\" scrolling=\"no\"><\/iframe>\n<\/div><\/figure>\n\n\n\n<p><\/p>\n\n\n\n<p>Esa es la posici\u00f3n que el partido trasladar\u00e1 a la sesi\u00f3n especial de la C\u00e1mara de Diputados convocada para el mi\u00e9rcoles pr\u00f3ximo por bloques dialoguistas como la UCR y Encuentro Federal y sectores opositores como Uni\u00f3n por la Patria (UxP).<\/p>\n\n\n\n<p>El PRO asegur\u00f3 por medio de un comunicado que ese bloque \u00abya vot\u00f3 mayoritariamente en la C\u00e1mara de Diputados hace pocas semanas, rechazando esa ley. Seguimos pensando lo mismo\u00bb.<\/p>\n\n\n\n<p>No obstante, se\u00f1al\u00f3 duras cr\u00edticas hacia la pol\u00edtica oficial sobre las universidades, al destacar que \u00abhabiendo pasado 10 meses de gesti\u00f3n el Gobierno se encuentra en un conflicto agravado por cuestiones internas del propio gobierno, conflicto que con una gesti\u00f3n profesional y eficiente se podr\u00eda haber evitado\u00bb.<\/p>\n\n\n\n<p>Solicit\u00f3 as\u00ed que se convoque \u00aba un di\u00e1logo que avance de manera urgente para alcanzar un acuerdo con los gremios universitarios\u00bb y que se incluyan las \u00abnecesidades de las universidades en el proyecto de Presupuesto 2025 de manera prioritaria\u00bb.<\/p>\n\n\n\n<p>Adem\u00e1s que se \u00abderogue la resoluci\u00f3n del ex procurador Carlos Zannini involucrando a la SIGEN en la auditor\u00eda de las universidades, y avance en las tareas pendientes sobre la AGN para garantizar la transparencia del gasto universitario\u00bb.<\/p>\n\n\n\n<p>Record\u00f3 que decidi\u00f3 \u00abprorrogar el presupuesto del a\u00f1o 2023 sin establecer con claridad los fondos que se iban a asignar a las universidades durante 2024\u00bb.<\/p>\n\n\n\n<p>EL PRO destac\u00f3 que el Gobierno \u00abno termin\u00f3 de conformar las autoridades de la Auditor\u00eda General de la Naci\u00f3n (AGN), organismo responsable de auditar a las universidades\u00bb ni tampoco \u00abla Comisi\u00f3n Mixta Revisora de Cuentas que define el plan de auditor\u00edas\u00bb.<\/p>\n\n\n\n<p>\u00abComo siempre hemos se\u00f1alado, para el PRO la gesti\u00f3n importa\u00bb, agregaron desde el espacio amarillo.<\/p>\n\n\n\n<p>Fundamentando el apoyo al veto de Milei, destac\u00f3 que \u00absomos coherentes con la necesidad de sostener el equilibrio fiscal como prioridad para que nuestro pa\u00eds salga adelante\u00bb.<\/p>\n\n\n\n<p>Y a\u00f1adi\u00f3: \u00abSomos coherentes con nuestro respeto a la ley de Administraci\u00f3n Financiera, que impide que una ley defina un gasto sin explicar c\u00f3mo se financia\u00bb.<\/p>\n\n\n\n<p>\u00abEl PRO siempre ha defendido la bandera de la educaci\u00f3n p\u00fablica. Lo demostr\u00f3 durante la presidencia de Macri y lo sigue mostrando en sus actuales administraciones provinciales, municipales y de la ciudad de Buenos Aires\u00bb, manifest\u00f3 en el comunicado.<\/p>\n\n\n\n<p>La postura asumida por la conducci\u00f3n del PRO se adopt\u00f3 en una reuni\u00f3n realizada v\u00eda Zoom y que cont\u00f3 con la participaci\u00f3n, adem\u00e1s de Macri, de los gobernadores de Entre R\u00edos, Rogelio Frigerio; de Chubut, Ignacio Torres; el jefe de Gobierno de la Ciudad de Buenos Aires, Jorge Macri; el presidente del bloque, Cristian Ritondo, y la intendenta de San Isidro, Soledad Mart\u00ednez.<\/p>\n\n\n\n<p>Adem\u00e1s estuvieron prsentes el secretario general del PRO, Facundo P\u00e9rez Carletti; la ex gobernadora de Buenos Aires Mar\u00eda Eugenia Vidal y el diputado Diego Santilli, uno de los legisladores que se pronunci\u00f3 a favor de apoyar al Gobierno y discutir el incremento en el Presupuesto 2025.<\/p>\n\n\n\n<p>\u00abRechazamos el populismo legislativo de fuerzas como la UCR que, mientras defiende el aumento de presupuesto a las universidades, rechaza la privatizaci\u00f3n de un gran n\u00famero de empresas p\u00fablicas deficitarias\u00bb, alert\u00f3.<\/p>\n\n\n\n<p>En ese contexto acot\u00f3 que \u00absomos coherentes con una actitud responsable del Congreso que no debe atribuirse competencias del Ejecutivo definiendo una paritaria salarial por ley\u00bb.<\/p>\n\n\n\n<p>De todas formas, los diputados del PRO mantendr\u00e1n ma\u00f1ana una reuni\u00f3n de bloque a partir de las 18 para definir si se expresan en la misma sinton\u00eda que la conducci\u00f3n partidaria.<\/p>\n\n\n\n<p>La decisi\u00f3n a la que llegue el PRO es fundamental para el Gobierno, que necesita conseguir un tercio de los votos del cuerpo para impedir que el veto sea rechazado, por lo que, a la hora de alcanzar los 87 votos requeridos, son clave las 38 voluntades del PRO.<\/p>\n\n\n\n<p>Hasta ahora Javier Milei tiene los 39 votos de la La Libertad Avanza (LLA) y podr\u00eda sumar, como sucedi\u00f3 cuando se confirm\u00f3 el veto a la ley jubilatoria, dos diputados del MID, dos de Producci\u00f3n y Trabajo, uno de Creo y tres de Independencia, adem\u00e1s de cinco radicales, con lo cual alcanzar\u00eda los 50 votos.<\/p>\n\n\n\n<p>Cabe recordar que en la sesi\u00f3n del 15 de agosto \u00faltimo, cuando se trat\u00f3 el proyecto para aumentar los recursos de las universidades, 34 de los 38 votos del PRO fueron en contra de la iniciativa promovida por la por la UCR, Encuentro Federal y el kirchnerismo, a la vez que cuatro diputados se ausentaron.<\/p>\n","protected":false},"excerpt":{"rendered":"<p>EL partido propuesta Republicana (PRO), se pronunci&oacute; esta tarde a favor de respaldar el veto del presidente Javier Milei a la ley de financiamiento universitario que se debatir&aacute; el mi&eacute;rcoles pr&oacute;ximo en el Congreso, sin embargo critic&oacute; la gesti&oacute;n nacional en materia de administraci&oacute;n de las casas de altos estudios. Tal como lo anticip&oacute; este [&hellip;]<\/p>\n","protected":false},"author":2,"featured_media":8174,"comment_status":"open","ping_status":"open","sticky":false,"template":"","format":"standard","meta":{"footnotes":""},"categories":[5,176],"tags":[309,232,3645,1101,2062,2779],"class_list":["post-8173","post","type-post","status-publish","format-standard","has-post-thumbnail","hentry","category-nacionales","category-politica","tag-apoyo","tag-javier-milei","tag-ley-financiamiento-universitario","tag-mauricio-macri","tag-pro","tag-veto"],"_links":{"self":[{"href":"https:\/\/partediario.com.ar\/index.php?rest_route=\/wp\/v2\/posts\/8173","targetHints":{"allow":["GET"]}}],"collection":[{"href":"https:\/\/partediario.com.ar\/index.php?rest_route=\/wp\/v2\/posts"}],"about":[{"href":"https:\/\/partediario.com.ar\/index.php?rest_route=\/wp\/v2\/types\/post"}],"author":[{"embeddable":true,"href":"https:\/\/partediario.com.ar\/index.php?rest_route=\/wp\/v2\/users\/2"}],"replies":[{"embeddable":true,"href":"https:\/\/partediario.com.ar\/index.php?rest_route=%2Fwp%2Fv2%2Fcomments&post=8173"}],"version-history":[{"count":1,"href":"https:\/\/partediario.com.ar\/index.php?rest_route=\/wp\/v2\/posts\/8173\/revisions"}],"predecessor-version":[{"id":8175,"href":"https:\/\/partediario.com.ar\/index.php?rest_route=\/wp\/v2\/posts\/8173\/revisions\/8175"}],"wp:featuredmedia":[{"embeddable":true,"href":"https:\/\/partediario.com.ar\/index.php?rest_route=\/wp\/v2\/media\/8174"}],"wp:attachment":[{"href":"https:\/\/partediario.com.ar\/index.php?rest_route=%2Fwp%2Fv2%2Fmedia&parent=8173"}],"wp:term":[{"taxonomy":"category","embeddable":true,"href":"https:\/\/partediario.com.ar\/index.php?rest_route=%2Fwp%2Fv2%2Fcategories&post=8173"},{"taxonomy":"post_tag","embeddable":true,"href":"https:\/\/partediario.com.ar\/index.php?rest_route=%2Fwp%2Fv2%2Ftags&post=8173"}],"curies":[{"name":"wp","href":"https:\/\/api.w.org\/{rel}","templated":true}]}}