{"id":8178,"date":"2024-09-20T08:59:00","date_gmt":"2024-09-20T11:59:00","guid":{"rendered":"https:\/\/partediario.com.ar\/?p=8178"},"modified":"2024-10-08T09:04:06","modified_gmt":"2024-10-08T12:04:06","slug":"villa-urquiza-se-realizaron-obras-de-mejoramiento-en-el-camping-municipal","status":"publish","type":"post","link":"https:\/\/partediario.com.ar\/?p=8178","title":{"rendered":"Villa Urquiza: se realizaron obras de Mejoramiento en el Camping Municipal"},"content":{"rendered":"\n<h3 class=\"wp-block-heading\">El Municipio de Villa Urquiza avanza con el plan de mejoras en el camping municipal, optimizando este espacio clave a orillas del r\u00edo Paran\u00e1, de cara a la pr\u00f3xima temporada de verano.<\/h3>\n\n\n\n<p>Entre los trabajos que se realizaron se destacan:<\/p>\n\n\n\n<ul class=\"wp-block-list\">\n<li>La construcci\u00f3n de cordones cuneta, como paso previo a la pavimentaci\u00f3n.<\/li>\n\n\n\n<li>La pintura de la fuente de ingreso, renovando la imagen del acceso al camping.<\/li>\n\n\n\n<li>El reacondicionamiento de la cancha de v\u00f3ley, que ser\u00e1 un punto de encuentro deportivo para vecinos y turistas.<\/li>\n\n\n\n<li>La mejora de la entrada, que incluir\u00e1 nuevos canteros para embellecer el entorno.<\/li>\n<\/ul>\n\n\n\n<figure class=\"wp-block-image size-large\"><img loading=\"lazy\" decoding=\"async\" width=\"1024\" height=\"939\" src=\"https:\/\/partediario.com.ar\/wp-content\/uploads\/460640001_18001271021661866_141691869216830779_n-1024x939.jpg\" alt=\"\" class=\"wp-image-8179\" srcset=\"https:\/\/partediario.com.ar\/wp-content\/uploads\/460640001_18001271021661866_141691869216830779_n-1024x939.jpg 1024w, https:\/\/partediario.com.ar\/wp-content\/uploads\/460640001_18001271021661866_141691869216830779_n-300x275.jpg 300w, https:\/\/partediario.com.ar\/wp-content\/uploads\/460640001_18001271021661866_141691869216830779_n-768x704.jpg 768w, https:\/\/partediario.com.ar\/wp-content\/uploads\/460640001_18001271021661866_141691869216830779_n.jpg 1359w\" sizes=\"auto, (max-width: 1024px) 100vw, 1024px\" \/><\/figure>\n\n\n\n<p><\/p>\n\n\n\n<p>Adem\u00e1s, se proyecta el asfaltado de la entrada, que se extender\u00e1 hasta la Bajada de lancha, facilitando el acceso vehicular. Los ba\u00f1os situados en la cancha de v\u00f3ley ser\u00e1n remodelados y convertidos en vestuarios, mejorando la comodidad de los usuarios.<\/p>\n\n\n\n<p><\/p>\n\n\n\n<figure class=\"wp-block-image size-large\"><img loading=\"lazy\" decoding=\"async\" width=\"1024\" height=\"688\" src=\"https:\/\/partediario.com.ar\/wp-content\/uploads\/460484264_18001271168661866_3074165275615449576_n-1024x688.jpg\" alt=\"\" class=\"wp-image-8180\" srcset=\"https:\/\/partediario.com.ar\/wp-content\/uploads\/460484264_18001271168661866_3074165275615449576_n-1024x688.jpg 1024w, https:\/\/partediario.com.ar\/wp-content\/uploads\/460484264_18001271168661866_3074165275615449576_n-300x202.jpg 300w, https:\/\/partediario.com.ar\/wp-content\/uploads\/460484264_18001271168661866_3074165275615449576_n-768x516.jpg 768w, https:\/\/partediario.com.ar\/wp-content\/uploads\/460484264_18001271168661866_3074165275615449576_n.jpg 1409w\" sizes=\"auto, (max-width: 1024px) 100vw, 1024px\" \/><\/figure>\n\n\n\n<p><\/p>\n\n\n\n<p>Estas obras buscan ofrecer un espacio renovado y confortable para que vecinos, paseantes y turistas disfruten plenamente de este entorno natural \u00fanico.<\/p>\n","protected":false},"excerpt":{"rendered":"<p>El Municipio de Villa Urquiza avanza con el plan de mejoras en el camping municipal, optimizando este espacio clave a orillas del r&iacute;o Paran&aacute;, de cara a la pr&oacute;xima temporada de verano. Entre los trabajos que se realizaron se destacan: Adem&aacute;s, se proyecta el asfaltado de la entrada, que se extender&aacute; hasta la Bajada de [&hellip;]<\/p>\n","protected":false},"author":2,"featured_media":8181,"comment_status":"open","ping_status":"open","sticky":false,"template":"","format":"standard","meta":{"footnotes":""},"categories":[3272],"tags":[3656,330,2457],"class_list":["post-8178","post","type-post","status-publish","format-standard","has-post-thumbnail","hentry","category-municipales","tag-camping-municipal","tag-obras","tag-villa-urquiza"],"_links":{"self":[{"href":"https:\/\/partediario.com.ar\/index.php?rest_route=\/wp\/v2\/posts\/8178","targetHints":{"allow":["GET"]}}],"collection":[{"href":"https:\/\/partediario.com.ar\/index.php?rest_route=\/wp\/v2\/posts"}],"about":[{"href":"https:\/\/partediario.com.ar\/index.php?rest_route=\/wp\/v2\/types\/post"}],"author":[{"embeddable":true,"href":"https:\/\/partediario.com.ar\/index.php?rest_route=\/wp\/v2\/users\/2"}],"replies":[{"embeddable":true,"href":"https:\/\/partediario.com.ar\/index.php?rest_route=%2Fwp%2Fv2%2Fcomments&post=8178"}],"version-history":[{"count":1,"href":"https:\/\/partediario.com.ar\/index.php?rest_route=\/wp\/v2\/posts\/8178\/revisions"}],"predecessor-version":[{"id":8182,"href":"https:\/\/partediario.com.ar\/index.php?rest_route=\/wp\/v2\/posts\/8178\/revisions\/8182"}],"wp:featuredmedia":[{"embeddable":true,"href":"https:\/\/partediario.com.ar\/index.php?rest_route=\/wp\/v2\/media\/8181"}],"wp:attachment":[{"href":"https:\/\/partediario.com.ar\/index.php?rest_route=%2Fwp%2Fv2%2Fmedia&parent=8178"}],"wp:term":[{"taxonomy":"category","embeddable":true,"href":"https:\/\/partediario.com.ar\/index.php?rest_route=%2Fwp%2Fv2%2Fcategories&post=8178"},{"taxonomy":"post_tag","embeddable":true,"href":"https:\/\/partediario.com.ar\/index.php?rest_route=%2Fwp%2Fv2%2Ftags&post=8178"}],"curies":[{"name":"wp","href":"https:\/\/api.w.org\/{rel}","templated":true}]}}