{"id":8200,"date":"2024-10-08T12:37:19","date_gmt":"2024-10-08T15:37:19","guid":{"rendered":"https:\/\/partediario.com.ar\/?p=8200"},"modified":"2024-10-08T12:37:20","modified_gmt":"2024-10-08T15:37:20","slug":"el-gobierno-de-jujuy-asistio-con-equipos-de-emergencias-a-damnificados-por-el-temporal-en-libertador-y-calilegua","status":"publish","type":"post","link":"https:\/\/partediario.com.ar\/?p=8200","title":{"rendered":"El gobierno de Jujuy asisti\u00f3 con equipos de emergencias a damnificados por el temporal en Libertador y Calilegua"},"content":{"rendered":"\n<h3 class=\"wp-block-heading\">Equipos del sistema de emergencias desplegaron un amplio y r\u00e1pido operativo de asistencia en Libertador General San Mart\u00edn y Calilegua, ciudades que resultaron afectadas por el temporal de lluvia y viento que se registr\u00f3 en horas de la tarde de este lunes 7.<\/h3>\n\n\n\n<p>Las duras condiciones clim\u00e1ticas no provocaron v\u00edctimas personales, sin embargo fueron causal de voladuras de techos de viviendas y comercios y ca\u00edda de \u00e1rboles, postes y tendido de cables de la red de energ\u00eda el\u00e9ctrica, situaci\u00f3n que dio paso a la interrupci\u00f3n del servicio de luz.<\/p>\n\n\n\n<p>El fen\u00f3meno se prolong\u00f3 por espacio de 20 minutos aproximadamente y oblig\u00f3 a la r\u00e1pida intervenci\u00f3n del COE, cuyos equipos concurrieron a dichos lugares para coordinar acciones con los municipios y brindar asistencia a los damnificados.<\/p>\n\n\n\n<p><\/p>\n\n\n\n<figure class=\"wp-block-image size-large\"><img loading=\"lazy\" decoding=\"async\" width=\"671\" height=\"1024\" src=\"https:\/\/partediario.com.ar\/wp-content\/uploads\/lluvia-3jpg-671x1024.webp\" alt=\"\" class=\"wp-image-8201\" srcset=\"https:\/\/partediario.com.ar\/wp-content\/uploads\/lluvia-3jpg-671x1024.webp 671w, https:\/\/partediario.com.ar\/wp-content\/uploads\/lluvia-3jpg-197x300.webp 197w, https:\/\/partediario.com.ar\/wp-content\/uploads\/lluvia-3jpg-768x1172.webp 768w, https:\/\/partediario.com.ar\/wp-content\/uploads\/lluvia-3jpg-1007x1536.webp 1007w, https:\/\/partediario.com.ar\/wp-content\/uploads\/lluvia-3jpg.webp 1155w\" sizes=\"auto, (max-width: 671px) 100vw, 671px\" \/><\/figure>\n\n\n\n<p><\/p>\n\n\n\n<p>Ante esta contingencia, se movilizaron unidades de la Brigada de Incendios Forestales y cuadrillas de Parques Nacionales para solucionar inconvenientes derivados de la ca\u00edda de \u00e1rboles.<\/p>\n\n\n\n<p>Adem\u00e1s, act\u00faan Bomberos de la Provincia, Polic\u00eda de Jujuy, Bomberos Voluntarios y Defensa Civil, que se encuentran en estado de apresto en caso ser necesario reforzar la asistencia. El Ministerio de Seguridad, orden\u00f3 se intensifiquen los patrullajes y recorridos de car\u00e1cter preventivo.<\/p>\n\n\n\n<p>En cuanto a la interrupci\u00f3n del servicio de electricidad, la Secretar\u00eda de Energ\u00eda coordin\u00f3 con EJESA un plan operativo para resolver da\u00f1os en tendidos de media y baja tensi\u00f3n, con miras a normalizar las prestaciones a la brevedad posible.<\/p>\n\n\n\n<p>Adem\u00e1s, la empresa reforzar\u00e1 su sistema de guardia. En otro orden, el Ministerio de Desarrollo Humano, a trav\u00e9s de la Secretar\u00eda de Asistencia Directa, realizar\u00e1 ma\u00f1ana a primera hora un relevamiento e inmediatamente despu\u00e9s, dispondr\u00e1 la cobertura de las necesidades que sean detectadas.<\/p>\n","protected":false},"excerpt":{"rendered":"<p>Equipos del sistema de emergencias desplegaron un amplio y r&aacute;pido operativo de asistencia en Libertador General San Mart&iacute;n y Calilegua, ciudades que resultaron afectadas por el temporal de lluvia y viento que se registr&oacute; en horas de la tarde de este lunes 7. Las duras condiciones clim&aacute;ticas no provocaron v&iacute;ctimas personales, sin embargo fueron causal [&hellip;]<\/p>\n","protected":false},"author":2,"featured_media":8202,"comment_status":"open","ping_status":"open","sticky":false,"template":"","format":"standard","meta":{"footnotes":""},"categories":[8],"tags":[3671,3674,3672,224,753,3675,3673],"class_list":["post-8200","post","type-post","status-publish","format-standard","has-post-thumbnail","hentry","category-provinciales","tag-asiste","tag-calilegua","tag-danmificados","tag-gobierno","tag-jujuy","tag-libertador","tag-temporal"],"_links":{"self":[{"href":"https:\/\/partediario.com.ar\/index.php?rest_route=\/wp\/v2\/posts\/8200","targetHints":{"allow":["GET"]}}],"collection":[{"href":"https:\/\/partediario.com.ar\/index.php?rest_route=\/wp\/v2\/posts"}],"about":[{"href":"https:\/\/partediario.com.ar\/index.php?rest_route=\/wp\/v2\/types\/post"}],"author":[{"embeddable":true,"href":"https:\/\/partediario.com.ar\/index.php?rest_route=\/wp\/v2\/users\/2"}],"replies":[{"embeddable":true,"href":"https:\/\/partediario.com.ar\/index.php?rest_route=%2Fwp%2Fv2%2Fcomments&post=8200"}],"version-history":[{"count":1,"href":"https:\/\/partediario.com.ar\/index.php?rest_route=\/wp\/v2\/posts\/8200\/revisions"}],"predecessor-version":[{"id":8203,"href":"https:\/\/partediario.com.ar\/index.php?rest_route=\/wp\/v2\/posts\/8200\/revisions\/8203"}],"wp:featuredmedia":[{"embeddable":true,"href":"https:\/\/partediario.com.ar\/index.php?rest_route=\/wp\/v2\/media\/8202"}],"wp:attachment":[{"href":"https:\/\/partediario.com.ar\/index.php?rest_route=%2Fwp%2Fv2%2Fmedia&parent=8200"}],"wp:term":[{"taxonomy":"category","embeddable":true,"href":"https:\/\/partediario.com.ar\/index.php?rest_route=%2Fwp%2Fv2%2Fcategories&post=8200"},{"taxonomy":"post_tag","embeddable":true,"href":"https:\/\/partediario.com.ar\/index.php?rest_route=%2Fwp%2Fv2%2Ftags&post=8200"}],"curies":[{"name":"wp","href":"https:\/\/api.w.org\/{rel}","templated":true}]}}