{"id":8212,"date":"2024-10-09T10:39:14","date_gmt":"2024-10-09T13:39:14","guid":{"rendered":"https:\/\/partediario.com.ar\/?p=8212"},"modified":"2024-10-10T13:28:53","modified_gmt":"2024-10-10T16:28:53","slug":"no-queremos-cerrar-universidades-queremos-que-se-auditen-senalo-caputo","status":"publish","type":"post","link":"https:\/\/partediario.com.ar\/?p=8212","title":{"rendered":"\u201cNo queremos cerrar universidades, queremos que se auditen\u201d, se\u00f1al\u00f3 Caputo"},"content":{"rendered":"\n<h3 class=\"wp-block-heading\">A pocas horas del comienzo de la sesi\u00f3n que definir\u00e1 la suerte del veto del presidente Javier Milei a la Ley de Financiamiento Universitario, el ministro de Econom\u00eda, Luis Caputo, asegur\u00f3 que el \u201cgobierno est\u00e1 a favor de las universidades p\u00fablicas\u201d, no obstante remoarc\u00f3 que quiere auditarlas.<\/h3>\n\n\n\n<p>Caputo aprovech\u00f3 un posteo en la red social \u201cX\u201d de la diputada por C\u00f3rdoba Alejandra Torres, para reafirmar la posici\u00f3n del Gobierno nacional.<\/p>\n\n\n\n<p><\/p>\n\n\n\n<blockquote class=\"twitter-tweet\"><p lang=\"es\" dir=\"ltr\">Estimada Alejandra, tu postura hacia las Universidades no es muy diferente a la del gobierno nacional. Nosotros tambi\u00e9n estamos a favor de las universidades p\u00fablicas.<br>Solo queremos que se auditen los gastos, porque es lo que corresponde dado que la plata es del contribuyente y no\u2026 <a href=\"https:\/\/t.co\/jK8NeqYRqq\">https:\/\/t.co\/jK8NeqYRqq<\/a><\/p>&mdash; totocaputo (@LuisCaputoAR) <a href=\"https:\/\/twitter.com\/LuisCaputoAR\/status\/1843983699831894337?ref_src=twsrc%5Etfw\">October 9, 2024<\/a><\/blockquote> <script async src=\"https:\/\/platform.twitter.com\/widgets.js\" charset=\"utf-8\"><\/script>\n\n\n\n<p><\/p>\n\n\n\n<p>\u201cEstimada Alejandra, tu postura hacia las Universidades no es muy diferente a la del gobierno nacional. Nosotros tambi\u00e9n estamos a favor de las universidades p\u00fablicas. Solo queremos que se auditen los gastos, porque es lo que corresponde dado que la plata es del contribuyente y no nuestra\u201d, expres\u00f3 el ministro al iniciar el texto.<\/p>\n\n\n\n<p>Y agreg\u00f3 que \u201csi entre todos concluimos que las Universidades necesitan m\u00e1s plata, se debe proponer c\u00f3mo se financia ese nuevo gasto, como lo indica la Ley de Administraci\u00f3n Financiera y el propio Reglamento del Senado\u201d.<\/p>\n\n\n\n<p>\u201cEn resumen, el veto NO es contra el financiamiento universitario, sino contra la ley propuesta, porque precisamente, NO incluye el financiamiento universitario\u201d, concluy\u00f3 el ministro.<\/p>\n\n\n\n<p>Torres hab\u00eda anunciado que no estar\u00e1 presente en la sesi\u00f3n, lo cual favorece la posici\u00f3n del oficialismo, por problemas de salud, incluso adujo estar transitando Covid.<\/p>\n","protected":false},"excerpt":{"rendered":"<p>A pocas horas del comienzo de la sesi&oacute;n que definir&aacute; la suerte del veto del presidente Javier Milei a la Ley de Financiamiento Universitario, el ministro de Econom&iacute;a, Luis Caputo, asegur&oacute; que el &ldquo;gobierno est&aacute; a favor de las universidades p&uacute;blicas&rdquo;, no obstante remoarc&oacute; que quiere auditarlas. Caputo aprovech&oacute; un posteo en la red social [&hellip;]<\/p>\n","protected":false},"author":2,"featured_media":8213,"comment_status":"open","ping_status":"open","sticky":false,"template":"","format":"standard","meta":{"footnotes":""},"categories":[5,176],"tags":[3679,792,3289],"class_list":["post-8212","post","type-post","status-publish","format-standard","has-post-thumbnail","hentry","category-nacionales","category-politica","tag-alejandra-torres","tag-luis-caputo","tag-universidades"],"_links":{"self":[{"href":"https:\/\/partediario.com.ar\/index.php?rest_route=\/wp\/v2\/posts\/8212","targetHints":{"allow":["GET"]}}],"collection":[{"href":"https:\/\/partediario.com.ar\/index.php?rest_route=\/wp\/v2\/posts"}],"about":[{"href":"https:\/\/partediario.com.ar\/index.php?rest_route=\/wp\/v2\/types\/post"}],"author":[{"embeddable":true,"href":"https:\/\/partediario.com.ar\/index.php?rest_route=\/wp\/v2\/users\/2"}],"replies":[{"embeddable":true,"href":"https:\/\/partediario.com.ar\/index.php?rest_route=%2Fwp%2Fv2%2Fcomments&post=8212"}],"version-history":[{"count":1,"href":"https:\/\/partediario.com.ar\/index.php?rest_route=\/wp\/v2\/posts\/8212\/revisions"}],"predecessor-version":[{"id":8214,"href":"https:\/\/partediario.com.ar\/index.php?rest_route=\/wp\/v2\/posts\/8212\/revisions\/8214"}],"wp:featuredmedia":[{"embeddable":true,"href":"https:\/\/partediario.com.ar\/index.php?rest_route=\/wp\/v2\/media\/8213"}],"wp:attachment":[{"href":"https:\/\/partediario.com.ar\/index.php?rest_route=%2Fwp%2Fv2%2Fmedia&parent=8212"}],"wp:term":[{"taxonomy":"category","embeddable":true,"href":"https:\/\/partediario.com.ar\/index.php?rest_route=%2Fwp%2Fv2%2Fcategories&post=8212"},{"taxonomy":"post_tag","embeddable":true,"href":"https:\/\/partediario.com.ar\/index.php?rest_route=%2Fwp%2Fv2%2Ftags&post=8212"}],"curies":[{"name":"wp","href":"https:\/\/api.w.org\/{rel}","templated":true}]}}