{"id":8215,"date":"2024-10-09T10:50:05","date_gmt":"2024-10-09T13:50:05","guid":{"rendered":"https:\/\/partediario.com.ar\/?p=8215"},"modified":"2024-10-10T13:28:49","modified_gmt":"2024-10-10T16:28:49","slug":"allanaron-la-casa-de-la-dirigente-fernanda-mino-y-grabois-responsabilizo-al-gobierno","status":"publish","type":"post","link":"https:\/\/partediario.com.ar\/?p=8215","title":{"rendered":"Allanaron la casa de la dirigente Fernanda Mi\u00f1o y Grabois responsabiliz\u00f3 al Gobierno"},"content":{"rendered":"\n<h3 class=\"wp-block-heading\">El dirigente del Movimiento de Trabajadores Excluidos (MTE), Juan Grabois, objet\u00f3 el allanamiento \u201cilegal\u201d de la casa de la referente social Fernando Mi\u00f1o, responsable del Fondo de Integraci\u00f3n Sociourbana (FISU), y responsabiliz\u00f3 al gobierno de Javier Milei.<\/h3>\n\n\n\n<p>Por medio de sus redes sociales, el excandidato a presidente por Uni\u00f3n por la Patria indic\u00f3 que cuando Mi\u00f1o lleg\u00f3 a casa en Villa La Cava de San Isidro, a las 22, tras la presentaci\u00f3n del documental de Ofelia Fern\u00e1ndez, fue interceptada por efectivos policiales que sin identificarse ingresaron a su vivienda.<\/p>\n\n\n\n<p><\/p>\n\n\n\n<blockquote class=\"twitter-tweet\"><p lang=\"es\" dir=\"ltr\">DENUNCIAMOS EL ATAQUE POLICIAL VIOLENTO E ILEGAL CONTRA FERNANDA MI\u00d1O<br><br>Anoche a las 22 hs un grupo de polic\u00edas encapuchados con armas largas entraron violentamente a la casa de Fernanda Mi\u00f1o de la villa La Cava, San Isidro. Con la excusa de un allanamiento por el supuesto robo de\u2026<\/p>&mdash; Argentina Humana (@arg_humana) <a href=\"https:\/\/twitter.com\/arg_humana\/status\/1843998080489726421?ref_src=twsrc%5Etfw\">October 9, 2024<\/a><\/blockquote> <script async src=\"https:\/\/platform.twitter.com\/widgets.js\" charset=\"utf-8\"><\/script>\n\n\n\n<p><\/p>\n\n\n\n<p>En el relato que los vecinos le transmitieron a Grabois, debido a que la dirigente qued\u00f3 incomunicada, los polic\u00edas encapuchados portaban armas largas, \u201cse metieron violentamente por atr\u00e1s\u201d y tomaron del pelo a una de las menores que se encontraba en la casa.<\/p>\n\n\n\n<p>\u201cNo la dejan comunicar con su abogado. No se indica la causa. Junto al equipo de abogados de Patria Grande yendo hacia ah\u00ed. Hacemos responsable al gobierno de este accionar propio de la dictadura\u201d, cuestion\u00f3 Grabois.<\/p>\n\n\n\n<p><\/p>\n\n\n\n<blockquote class=\"twitter-tweet\" data-media-max-width=\"560\"><p lang=\"es\" dir=\"ltr\">Gravisimo. Fernanda Mi\u00f1o lleg\u00f3 a las 22hs a su casa en Villa La Cava de San Isidro de la presentaci\u00f3n del documental de Ofelia Fern\u00e1ndez. Los vecinos nos informan que cuando abri\u00f3 la puerta, un grupo de polic\u00edas encapuchados con armas largas que estaban escondidos se metieron\u2026<\/p>&mdash; Juan Grabois (@JuanGrabois) <a href=\"https:\/\/twitter.com\/JuanGrabois\/status\/1843845648770027623?ref_src=twsrc%5Etfw\">October 9, 2024<\/a><\/blockquote> <script async src=\"https:\/\/platform.twitter.com\/widgets.js\" charset=\"utf-8\"><\/script>\n\n\n\n<p><\/p>\n\n\n\n<p>Poco despu\u00e9s, Grabois grab\u00f3 un video desde Villa La Cava, en el que se lo ve rodeado de efectivos de seguridad, donde expuso con detalle la situaci\u00f3n: \u201cEstoy en frente de la casa de Fernando Mi\u00f1o, la que en la televisi\u00f3n la acusa de ser cualquiera cosa, y les vamos a mostrar en qu\u00e9 barrio vive para que alg\u00fan pol\u00edtico de mierda, de los que hacen estas cosas, vea si se banca vivir en un barrio as\u00ed\u201d.<\/p>\n\n\n\n<p>Y agreg\u00f3: \u201cA Fernando Mi\u00f1o nunca le pudieron encontrar nada entonces ahora le inventaron que ella, que ahora es la gran bandida del mundo, se rob\u00f3 una moto. Por eso es el allanamiento, \u00bfse piensan que somos boludos?\u201d.<\/p>\n\n\n\n<p>Asimismo se\u00f1al\u00f3: \u201c\u00bfTan diligentes son los fiscales que por el robo de una moto van a hacer el allanamiento a las 22.30, cuando Fernanda est\u00e1 volviendo de una actividad pol\u00edtica o social? Entonces son nuestros enemigos que est\u00e1n cruzando una l\u00ednea roja m\u00e1s que son siempre cobardes con los de arriba y muy fuertes con los de abajo\u201d.<\/p>\n\n\n\n<p>\u201cEsto no se los vamos a perdonar, nos los vamos a dejar pasar y vamos a llegar a las \u00faltimas consecuencias\u201d, expres\u00f3, y a\u00f1adi\u00f3: \u201cSon muy guapos con los pobres, con los villeros, este barrio est\u00e1 lleno de narcotraficantes, est\u00e1n envenenando a los pibes que mueren todos los d\u00edas y vienen a hacer un allanamiento por una moto\u201d.<\/p>\n\n\n\n<p>Finalizando, explic\u00f3 que tras su desembarco, la Polic\u00eda se retir\u00f3 del lugar a los cinco minutos, por lo que se\u00f1al\u00f3: \u201cSus c\u00f3mplices narcos ahora empezaron a los tiros en el fondo. Estuvieron dos horas revolviendo la casa\u201d.<\/p>\n\n\n\n<p>\u201cLe pegaron mucho a Fernanda, la tiraron al piso, le pegaron a las ni\u00f1as que est\u00e1n totalmente aterrorizadas. Esto no queda as\u00ed. No nos chupamos el dedo. Nunca jam\u00e1s hicieron esto para agarrar un narco de los que matan pibes en este barrio\u201d, finaliz\u00f3 Grabois.<\/p>\n\n\n\n<p>A principios de a\u00f1o, Mi\u00f1o seguida de cerca por el gobierno de Javier Milei a ra\u00edz de los resultados de una auditor\u00eda en el fondo fiduciario que administraba. Incluso, manejaba el Registro Nacional de Barrios Populares como titular de la Secretar\u00eda de Desarrollo Territorial y H\u00e1bitat.<\/p>\n\n\n\n<p>Sin embargo, desde la administraci\u00f3n libertaria afirmaron tiempo despu\u00e9s que a auditor\u00eda \u201cno encontr\u00f3 hechos de corrupci\u00f3n\u201d.<\/p>\n","protected":false},"excerpt":{"rendered":"<p>El dirigente del Movimiento de Trabajadores Excluidos (MTE), Juan Grabois, objet&oacute; el allanamiento &ldquo;ilegal&rdquo; de la casa de la referente social Fernando Mi&ntilde;o, responsable del Fondo de Integraci&oacute;n Sociourbana (FISU), y responsabiliz&oacute; al gobierno de Javier Milei. Por medio de sus redes sociales, el excandidato a presidente por Uni&oacute;n por la Patria indic&oacute; que cuando [&hellip;]<\/p>\n","protected":false},"author":2,"featured_media":8216,"comment_status":"open","ping_status":"open","sticky":false,"template":"","format":"standard","meta":{"footnotes":""},"categories":[5,176],"tags":[3680,396,232,395],"class_list":["post-8215","post","type-post","status-publish","format-standard","has-post-thumbnail","hentry","category-nacionales","category-politica","tag-allamaniento","tag-fernanda-mino","tag-javier-milei","tag-juan-grabois"],"_links":{"self":[{"href":"https:\/\/partediario.com.ar\/index.php?rest_route=\/wp\/v2\/posts\/8215","targetHints":{"allow":["GET"]}}],"collection":[{"href":"https:\/\/partediario.com.ar\/index.php?rest_route=\/wp\/v2\/posts"}],"about":[{"href":"https:\/\/partediario.com.ar\/index.php?rest_route=\/wp\/v2\/types\/post"}],"author":[{"embeddable":true,"href":"https:\/\/partediario.com.ar\/index.php?rest_route=\/wp\/v2\/users\/2"}],"replies":[{"embeddable":true,"href":"https:\/\/partediario.com.ar\/index.php?rest_route=%2Fwp%2Fv2%2Fcomments&post=8215"}],"version-history":[{"count":1,"href":"https:\/\/partediario.com.ar\/index.php?rest_route=\/wp\/v2\/posts\/8215\/revisions"}],"predecessor-version":[{"id":8217,"href":"https:\/\/partediario.com.ar\/index.php?rest_route=\/wp\/v2\/posts\/8215\/revisions\/8217"}],"wp:featuredmedia":[{"embeddable":true,"href":"https:\/\/partediario.com.ar\/index.php?rest_route=\/wp\/v2\/media\/8216"}],"wp:attachment":[{"href":"https:\/\/partediario.com.ar\/index.php?rest_route=%2Fwp%2Fv2%2Fmedia&parent=8215"}],"wp:term":[{"taxonomy":"category","embeddable":true,"href":"https:\/\/partediario.com.ar\/index.php?rest_route=%2Fwp%2Fv2%2Fcategories&post=8215"},{"taxonomy":"post_tag","embeddable":true,"href":"https:\/\/partediario.com.ar\/index.php?rest_route=%2Fwp%2Fv2%2Ftags&post=8215"}],"curies":[{"name":"wp","href":"https:\/\/api.w.org\/{rel}","templated":true}]}}