{"id":8218,"date":"2024-10-09T10:56:48","date_gmt":"2024-10-09T13:56:48","guid":{"rendered":"https:\/\/partediario.com.ar\/?p=8218"},"modified":"2024-10-10T13:28:45","modified_gmt":"2024-10-10T16:28:45","slug":"kicillof-acuso-de-traidores-al-pueblo-a-los-diputados-que-apoyen-el-veto-de-milei","status":"publish","type":"post","link":"https:\/\/partediario.com.ar\/?p=8218","title":{"rendered":"Kicillof acus\u00f3 de \u00abtraidores al pueblo\u00bb a los diputados que apoyen el veto de Milei"},"content":{"rendered":"\n<h3 class=\"wp-block-heading\">\u201cEsta reuni\u00f3n tiene un objetivo fundamental: dejar en claro que a los legisladores que no voten contra el veto de Milei a la ley de financiamiento universitario los consideramos traidores a nuestro pueblo y a nuestra historia\u201d, asegur\u00f3 este martes el gobernador Axel Kicillof.<\/h3>\n\n\n\n<p>Las declaraciones fueron expresadas en el predio Ex BIM III de la Universidad Nacional de La Plata (UNLP) junto a las presidentas de la Federaci\u00f3n Universitaria de La Plata (FULP), Sol Alconada y Albertina Bidart.<\/p>\n\n\n\n<p>En ese marco, Kicillof expres\u00f3: \u201cA lo largo de nuestra historia hubo un solo factor que evit\u00f3 que a las universidades las arancelaran, las privatizaran o las cerraran: fue la lucha de los estudiantes, los trabajadores y la comunidad entera\u201d.<\/p>\n\n\n\n<p>\u201cLa universidad nunca estuvo separada del proceso hist\u00f3rico y social de nuestro pa\u00eds. Con la reforma del 18 se logr\u00f3 una educaci\u00f3n m\u00e1s abierta, que reflejara el acceso de los sectores medios a la vida pol\u00edtica de la Argentina\u201d, indic\u00f3 Kicillof y agreg\u00f3: \u201cEsa es una historia vinculada fundamentalmente con el radicalismo: esperamos que ma\u00f1ana ning\u00fan radical eche por tierra lo mejor de su historia por apoyar el veto de Milei\u201d.<\/p>\n\n\n\n<p>En esa l\u00ednea, el gobernador bonaerense destac\u00f3: \u201cDefender a la universidad es defender el futuro: si nos sacan la universidad p\u00fablica, gratuita, masiva y de calidad, nos quedamos sin el pa\u00eds que queremos\u201d. \u201cEste no es un debate presupuestario, eso es una enorme mentira, se est\u00e1 afectando apenas un 0,14% del PBI, mucho menos de lo que les perdonaron a los sectores m\u00e1s ricos: no vengan con el discurso del d\u00e9ficit y la inflaci\u00f3n, ac\u00e1 est\u00e1 claro que lo que quieren es un pa\u00eds para pocos\u201d, indic\u00f3.<\/p>\n\n\n\n<p>\u201cAunque no podemos reemplazar el abandono y la deserci\u00f3n de Milei, trabajamos para dar respuestas en la medida de nuestras posibilidades: nos comprometemos a terminar las obras que el Gobierno nacional paraliz\u00f3 en 25 universidades, y lo haremos con presupuesto, recursos y esfuerzo bonaerense\u201d, asegur\u00f3 el Gobernador y subray\u00f3: \u201cLa Provincia acompa\u00f1\u00f3 y va a seguir acompa\u00f1ando cada una de las movilizaciones necesarias para luchar por lo que le corresponde a nuestro pueblo\u201d.<\/p>\n\n\n\n<p>Finaliz\u00f3 se\u00f1alando que :\u201cLo dijimos durante la campa\u00f1a y hoy es un mandato: hay que elegir entre la derecha o los derechos, y nosotros vamos a estar siempre del lado de los derechos\u201d.<\/p>\n\n\n\n<p>Por su parte, Alconada apunt\u00f3: \u201cEsta clase p\u00fablica es parte del proceso de generar todas las instancias de organizaci\u00f3n posibles para explicarles a nuestros compa\u00f1eros y compa\u00f1eras que lo que est\u00e1 pasando hoy en el pa\u00eds no lo podemos permitir y que tenemos que unirnos para evitarlo\u201d. En tanto, Bidart sostuvo: \u201cTenemos la responsabilidad de lograr que ma\u00f1ana las y los diputados frenen el veto de un Gobierno nacional cruel que plantea un modelo de pa\u00eds excluyente\u201d.<\/p>\n\n\n\n<p>Estuvieron presentes la jefa de Asesores del Gobernador, Cristina \u00c1lvarez Rodr\u00edguez; los ministros de Gobierno, Carlos Bianco; y de Econom\u00eda, Pablo L\u00f3pez; las ministras de H\u00e1bitat y Desarrollo Urbano, Silvina Batakis; y de Mujeres y Diversidad, Estela D\u00edaz; el presidente del Banco Provincia, Juan Cuattromo; el asesor General de Gobierno, Santiago P\u00e9rez Teruel; el director ejecutivo de ARBA, Cristian Girard; el presidente de la Comisi\u00f3n de Investigaciones Cient\u00edficas, Roberto Salvarezza; el subsecretario de Desarrollo Comercial y Promoci\u00f3n de Inversiones, Ariel Aguilar; la directora ejecutiva del Organismo Provincial de Integraci\u00f3n Social y Urbana (OPISU), Romina Barrios; y el director provincial de Vinculaci\u00f3n con el Sistema Universitario y Cient\u00edfico, Juan Brardinelli.<\/p>\n\n\n\n<p>Adem\u00e1s participaron los intendentes de La Plata, Julio Alak; de Ensenada, Mario Secco; y de Navarro, Facundo Diz; la diputada provincial Luc\u00eda Ia\u00f1ez; el legislador Carlos \u201cCuto\u201d Moreno; el secretario de Gobierno de La Plata, Guillermo Cara; su par de Educaci\u00f3n, Paula Lambertini; y representantes del sector universitario.<\/p>\n","protected":false},"excerpt":{"rendered":"<p>&ldquo;Esta reuni&oacute;n tiene un objetivo fundamental: dejar en claro que a los legisladores que no voten contra el veto de Milei a la ley de financiamiento universitario los consideramos traidores a nuestro pueblo y a nuestra historia&rdquo;, asegur&oacute; este martes el gobernador Axel Kicillof. Las declaraciones fueron expresadas en el predio Ex BIM III de [&hellip;]<\/p>\n","protected":false},"author":2,"featured_media":8219,"comment_status":"open","ping_status":"open","sticky":false,"template":"","format":"standard","meta":{"footnotes":""},"categories":[5,176],"tags":[1112,3224,232,1248,1160,3682,2779],"class_list":["post-8218","post","type-post","status-publish","format-standard","has-post-thumbnail","hentry","category-nacionales","category-politica","tag-axel-kicillof","tag-financiamiento-universitario","tag-javier-milei","tag-legisladores","tag-ley","tag-traidores","tag-veto"],"_links":{"self":[{"href":"https:\/\/partediario.com.ar\/index.php?rest_route=\/wp\/v2\/posts\/8218","targetHints":{"allow":["GET"]}}],"collection":[{"href":"https:\/\/partediario.com.ar\/index.php?rest_route=\/wp\/v2\/posts"}],"about":[{"href":"https:\/\/partediario.com.ar\/index.php?rest_route=\/wp\/v2\/types\/post"}],"author":[{"embeddable":true,"href":"https:\/\/partediario.com.ar\/index.php?rest_route=\/wp\/v2\/users\/2"}],"replies":[{"embeddable":true,"href":"https:\/\/partediario.com.ar\/index.php?rest_route=%2Fwp%2Fv2%2Fcomments&post=8218"}],"version-history":[{"count":1,"href":"https:\/\/partediario.com.ar\/index.php?rest_route=\/wp\/v2\/posts\/8218\/revisions"}],"predecessor-version":[{"id":8220,"href":"https:\/\/partediario.com.ar\/index.php?rest_route=\/wp\/v2\/posts\/8218\/revisions\/8220"}],"wp:featuredmedia":[{"embeddable":true,"href":"https:\/\/partediario.com.ar\/index.php?rest_route=\/wp\/v2\/media\/8219"}],"wp:attachment":[{"href":"https:\/\/partediario.com.ar\/index.php?rest_route=%2Fwp%2Fv2%2Fmedia&parent=8218"}],"wp:term":[{"taxonomy":"category","embeddable":true,"href":"https:\/\/partediario.com.ar\/index.php?rest_route=%2Fwp%2Fv2%2Fcategories&post=8218"},{"taxonomy":"post_tag","embeddable":true,"href":"https:\/\/partediario.com.ar\/index.php?rest_route=%2Fwp%2Fv2%2Ftags&post=8218"}],"curies":[{"name":"wp","href":"https:\/\/api.w.org\/{rel}","templated":true}]}}