{"id":8233,"date":"2024-10-09T17:54:58","date_gmt":"2024-10-09T20:54:58","guid":{"rendered":"https:\/\/partediario.com.ar\/?p=8233"},"modified":"2024-10-11T10:27:43","modified_gmt":"2024-10-11T13:27:43","slug":"corrieron-a-un-streamer-libertario-en-las-afueras-del-congreso","status":"publish","type":"post","link":"https:\/\/partediario.com.ar\/?p=8233","title":{"rendered":"Corrieron a un streamer libertario en las afueras del Congreso"},"content":{"rendered":"\n<h3 class=\"wp-block-heading\">El hecho se dio en las inmediaciones del Congreso despu\u00e9s de la sesi\u00f3n en la C\u00e1mara de Diputados.<\/h3>\n\n\n\n<p>Un streamer libertario, Fran Fijap, fue insultado en las inmediaciones del Congreso tras la sesi\u00f3n en la que la C\u00e1mara de Diputados aval\u00f3 el veto a la ley de Financiamiento Universitario.<\/p>\n\n\n\n<p>Luego de la sesi\u00f3n en la que la C\u00e1mara de Diputados aval\u00f3 el veto a la ley de Financiamiento Universitario del presidente Javier Milei, el streamer libertario Fran Fijap volvi\u00f3 a ser corrido en las inmediaciones del Congreso de la Naci\u00f3n por las personas que se manifestaban en apoyo a la ampliaci\u00f3n de fondos para las altas casas de estudio.<\/p>\n\n\n\n<p>El militante de La Libertad Avanza (LLA) recibi\u00f3 el golpe de elementos contundentes y debi\u00f3 refugiarse en un local comercial de la intersecci\u00f3n de las avenidas Callao y Avenida Rivadavia, en un hecho que motiv\u00f3 la intervenci\u00f3n de la Polic\u00eda de la Ciudad de Buenos Aires, quienes con un impactante operativo que reuni\u00f3 a m\u00e1s de 200 polic\u00edas, logr\u00f3 sacarlo del lugar.<\/p>\n\n\n\n<p><\/p>\n\n\n\n<blockquote class=\"twitter-tweet\"><p lang=\"es\" dir=\"ltr\">SE MANTIENE EL VETO CONTRA EL PROYECTO DE LOS DEGENERADOS FISCALES. LTA ZURDOS. <a href=\"https:\/\/t.co\/fThi6bHeb2\">pic.twitter.com\/fThi6bHeb2<\/a><\/p>&mdash; Fran Fijap (@FranFijap) <a href=\"https:\/\/twitter.com\/FranFijap\/status\/1844080457883021451?ref_src=twsrc%5Etfw\">October 9, 2024<\/a><\/blockquote> <script async src=\"https:\/\/platform.twitter.com\/widgets.js\" charset=\"utf-8\"><\/script>\n\n\n\n<p><\/p>\n\n\n\n<p>El provocador youtuber, quien se encontraba entre las personas que protestaban frente al edificio legislativo, ubicados sobre el vallado dispuesto en el cruce de Entre R\u00edos y Rivadavia, fue identificado y agredido por Callao, acusado de \u00abprovocar\u00bb a los presentes.<\/p>\n\n\n\n<p>Entonces, Fijap sali\u00f3 corriendo e ingres\u00f3 a una casa de empanadas, donde el due\u00f1o baj\u00f3 la persiana para evitar que los manifestantes entraran. Esto motiv\u00f3 que comenzaran a patear y golpear la cortina, que termin\u00f3 da\u00f1ada al igual que algunos de los vidrios.<\/p>\n\n\n\n<p>\u00abEstoy cortado en la mano y me pegaron por todos lados. Como siempre voy a las marchas, voy a hacer entrevistas. Me robaron el celular de laburo. Me arde toda la cara\u00bb, manifest\u00f3 el creador de contenido libertario en di\u00e1logo con TN, que explic\u00f3 que qued\u00f3 en medio de la manifestaci\u00f3n mientras realizaba una serie de reportajes para su canal.<\/p>\n\n\n\n<p>Cabe se\u00f1alar que antes de recibir golpes, el influencer hab\u00eda celebrado en sus redes sociales la ratificaci\u00f3n del veto al financiamiento universitario que realiz\u00f3 Milei. \u00abSe mantiene el veto contra el proyecto de los degenerados fiscales. LTA (La Tienen Adentro) zurdos\u00bb, escribi\u00f3. FIN<\/p>\n\n\n\n<p>Noticia en desarrollo<\/p>\n","protected":false},"excerpt":{"rendered":"<p>El hecho se dio en las inmediaciones del Congreso despu&eacute;s de la sesi&oacute;n en la C&aacute;mara de Diputados. Un streamer libertario, Fran Fijap, fue insultado en las inmediaciones del Congreso tras la sesi&oacute;n en la que la C&aacute;mara de Diputados aval&oacute; el veto a la ley de Financiamiento Universitario. Luego de la sesi&oacute;n en la [&hellip;]<\/p>\n","protected":false},"author":2,"featured_media":8234,"comment_status":"open","ping_status":"open","sticky":false,"template":"","format":"standard","meta":{"footnotes":""},"categories":[5,176],"tags":[229,3689,3687,3688],"class_list":["post-8233","post","type-post","status-publish","format-standard","has-post-thumbnail","hentry","category-nacionales","category-politica","tag-congreso","tag-fran-fijap","tag-libertario","tag-streamer"],"_links":{"self":[{"href":"https:\/\/partediario.com.ar\/index.php?rest_route=\/wp\/v2\/posts\/8233","targetHints":{"allow":["GET"]}}],"collection":[{"href":"https:\/\/partediario.com.ar\/index.php?rest_route=\/wp\/v2\/posts"}],"about":[{"href":"https:\/\/partediario.com.ar\/index.php?rest_route=\/wp\/v2\/types\/post"}],"author":[{"embeddable":true,"href":"https:\/\/partediario.com.ar\/index.php?rest_route=\/wp\/v2\/users\/2"}],"replies":[{"embeddable":true,"href":"https:\/\/partediario.com.ar\/index.php?rest_route=%2Fwp%2Fv2%2Fcomments&post=8233"}],"version-history":[{"count":1,"href":"https:\/\/partediario.com.ar\/index.php?rest_route=\/wp\/v2\/posts\/8233\/revisions"}],"predecessor-version":[{"id":8235,"href":"https:\/\/partediario.com.ar\/index.php?rest_route=\/wp\/v2\/posts\/8233\/revisions\/8235"}],"wp:featuredmedia":[{"embeddable":true,"href":"https:\/\/partediario.com.ar\/index.php?rest_route=\/wp\/v2\/media\/8234"}],"wp:attachment":[{"href":"https:\/\/partediario.com.ar\/index.php?rest_route=%2Fwp%2Fv2%2Fmedia&parent=8233"}],"wp:term":[{"taxonomy":"category","embeddable":true,"href":"https:\/\/partediario.com.ar\/index.php?rest_route=%2Fwp%2Fv2%2Fcategories&post=8233"},{"taxonomy":"post_tag","embeddable":true,"href":"https:\/\/partediario.com.ar\/index.php?rest_route=%2Fwp%2Fv2%2Ftags&post=8233"}],"curies":[{"name":"wp","href":"https:\/\/api.w.org\/{rel}","templated":true}]}}