{"id":8239,"date":"2024-10-10T10:52:37","date_gmt":"2024-10-10T13:52:37","guid":{"rendered":"https:\/\/partediario.com.ar\/?p=8239"},"modified":"2024-10-11T10:27:23","modified_gmt":"2024-10-11T13:27:23","slug":"los-brutales-logros-de-rafa-nadal-a-lo-largo-de-su-carrera-hazanas-y-92-titulos-lo-transforman-en-una-leyenda-del-tenis","status":"publish","type":"post","link":"https:\/\/partediario.com.ar\/?p=8239","title":{"rendered":"Los impactantes logros de Rafa Nadal a lo largo de su carrera: haza\u00f1as y 92 t\u00edtulos lo transforman en una leyenda del tenis"},"content":{"rendered":"\n<h3 class=\"wp-block-heading\">El ex n\u00famero 1 del mundo y ganador de 22 t\u00edtulos de Grand Slam, Rafael Nadal, anunci\u00f3 que se retira del tenis profesional al t\u00e9rmino de la final de la Copa Davis que disputar\u00e1 con Espa\u00f1a en M\u00e1laga a finales de noviembre.<\/h3>\n\n\n\n<p>El tenista espa\u00f1ol Rafael Nadal anunci\u00f3 su retiro de la actividad profesional en un video que public\u00f3 en sus redes sociales donde le agradeci\u00f3 a sus fan\u00e1ticos, a la vez que dijo que los \u00faltimos dos a\u00f1os fueron \u201cdif\u00edciles\u201d debido a que no fue \u201ccapaz de jugar sin limitaciones\u201d.<\/p>\n\n\n\n<p><\/p>\n\n\n\n<blockquote class=\"twitter-tweet\" data-media-max-width=\"560\"><p lang=\"und\" dir=\"ltr\">Mil gracias a todos <br>Many thanks to all<br>Merci beaucoup \u00e0 tous<br>Grazie mille \u00e0 tutti<br>\u8c22\u8c22\u5927\u5bb6<br>\u0634\u0643\u0631\u0627 \u0644\u0643\u0645 \u062c\u0645\u064a\u0639\u0627 <br>\u05ea\u05d5\u05d3\u05d4 \u05dc\u05db\u05d5\u05dc\u05db\u05dd<br>Obrigado a todos<br>Vielen Dank euch allen<br>Tack alla<br>\u0425\u0432\u0430\u043b\u0430 \u0441\u0432\u0438\u043c\u0430<br>Gr\u00e0cies a tots <a href=\"https:\/\/t.co\/7yPRs7QrOi\">pic.twitter.com\/7yPRs7QrOi<\/a><\/p>&mdash; Rafa Nadal (@RafaelNadal) <a href=\"https:\/\/twitter.com\/RafaelNadal\/status\/1844308861492318594?ref_src=twsrc%5Etfw\">October 10, 2024<\/a><\/blockquote> <script async src=\"https:\/\/platform.twitter.com\/widgets.js\" charset=\"utf-8\"><\/script>\n\n\n\n<p><\/p>\n\n\n\n<p>\u201cHola a todos estoy aqu\u00ed para decirles que me retiro del tenis profesional. La realidad es que han sido unos a\u00f1os dif\u00edciles estos dos \u00faltimos especialmente, creo que no he sido capaz de jugar sin limitaciones es una decisi\u00f3n que evidentemente es dif\u00edcil que me ha llevado tiempo tomarla pero en esta vida todo tiene un principio y un final\u201d, manifest\u00f3 al inicio en su mensaje y en la red social X, junto al video escribi\u00f3 la frase \u201cMil gracias a todos\u201d en diferentes idiomas, entre ellos, ingl\u00e9s, franc\u00e9s, italiano, brasile\u00f1o y japon\u00e9s.<\/p>\n\n\n\n<p>Y agreg\u00f3: \u201cCreo que es el momento indicado para poner punto y final a lo que ha sido una carrera larga y mucho m\u00e1s exitosa de lo que jam\u00e1s me hubiera podido imaginar. Me hace much\u00edsima ilusi\u00f3n que mi \u00faltimo torneo sea la final de la Copa Davis y representando a mi pa\u00eds. Creo que es cerrar el c\u00edrculo, ya que, una de mis primeras alegr\u00edas como tenista profesional fue la final de Sevilla en 2004\u201d.<\/p>\n\n\n\n<p>\u201cMe siento s\u00faper afortunado por todas las cosas que he podido vivir. Quiero agradecer a toda la industria del tenis, a todas las personas que engloban este deporte, mis compa\u00f1eros durante tantos a\u00f1os, especialmente, a mis grandes rivales, he pasado much\u00edsimas horas con ellos y he vivido muchos momentos que voy a recordar por el resto de mi vida\u201d, se\u00f1al\u00f3.<\/p>\n\n\n\n<p>Expres\u00f3 adem\u00e1s: \u201cHablar de mi equipo se me hace un poquito m\u00e1s dif\u00edcil porque ha sido una parte muy importante de mi vida, no son trabajadores, son amigos que han estado a mi lado en todos los momentos que realmente los he necesitado, momentos muy malos, momentos muy buenos, momentos que me han tenido que apretar, momentos que me han tenido que aflojar. Hemos vivido tanto juntos que es dif\u00edcil de explicar\u201d.<\/p>\n\n\n\n<p><strong>\u00abLa familia lo es todo\u00bb<\/strong><\/p>\n\n\n\n<p>\u201cLa familia lo es todo para m\u00ed, mi madre creo que ha hecho todos los sacrificios que ten\u00eda que hacer para que nosotros siempre lo tuvi\u00e9ramos todo y mi mujer Mary llevamos 19 a\u00f1os juntos: \u00b4Gracias por todo lo que has hecho, creo que has sido mi compa\u00f1era de vida perfecta durante todos estos a\u00f1os de carrera\u00b4. Volver a casa y ver cada d\u00eda como est\u00e1 creciendo mi hijo ha sido una fuerza que realmente me ha mantenido vivo y con la energ\u00eda necesaria para continuar\u201d.<\/p>\n\n\n\n<p>Y agreg\u00f3: \u201cMi hermana con la que hemos mantenido una relaci\u00f3n incre\u00edble. Mi t\u00edo que es la raz\u00f3n por la que empec\u00e9 a jugar al tenis, gracias a \u00e9l he podido superar muchas situaciones que han sido dif\u00edciles en mi carrera deportiva y a mi padre que para m\u00ed ha sido una fuente de inspiraci\u00f3n en todos los sentidos, ha sido un esfuerzo de ejemplo de superaci\u00f3n much\u00edsimas gracias a mi padre de manera muy especial\u201d.<\/p>\n\n\n\n<p>\u201cPor \u00faltimo, a vosotros, los aficionados, no tengo manera de agradecerles lo que me hab\u00e9is hecho sentir, me hab\u00e9is dado la energ\u00eda que he necesitado en cada momento. Todo lo que he vivido ha sido un sue\u00f1o hecho realidad. Me voy con la tranquilidad absoluta de haber dado el m\u00e1ximo de haberme esforzado en todos los sentidos solo puedo terminar diciendo mil gracias a todos y hasta pronto\u201d.<\/p>\n\n\n\n<p><\/p>\n","protected":false},"excerpt":{"rendered":"<p>El ex n&uacute;mero 1 del mundo y ganador de 22 t&iacute;tulos de Grand Slam, Rafael Nadal, anunci&oacute; que se retira del tenis profesional al t&eacute;rmino de la final de la Copa Davis que disputar&aacute; con Espa&ntilde;a en M&aacute;laga a finales de noviembre. El tenista espa&ntilde;ol Rafael Nadal anunci&oacute; su retiro de la actividad profesional en [&hellip;]<\/p>\n","protected":false},"author":2,"featured_media":8240,"comment_status":"open","ping_status":"open","sticky":false,"template":"","format":"standard","meta":{"footnotes":""},"categories":[4,9],"tags":[3691,3692,3693],"class_list":["post-8239","post","type-post","status-publish","format-standard","has-post-thumbnail","hentry","category-deportes","category-internacionales","tag-rafael-nadal","tag-retira","tag-tenis"],"_links":{"self":[{"href":"https:\/\/partediario.com.ar\/index.php?rest_route=\/wp\/v2\/posts\/8239","targetHints":{"allow":["GET"]}}],"collection":[{"href":"https:\/\/partediario.com.ar\/index.php?rest_route=\/wp\/v2\/posts"}],"about":[{"href":"https:\/\/partediario.com.ar\/index.php?rest_route=\/wp\/v2\/types\/post"}],"author":[{"embeddable":true,"href":"https:\/\/partediario.com.ar\/index.php?rest_route=\/wp\/v2\/users\/2"}],"replies":[{"embeddable":true,"href":"https:\/\/partediario.com.ar\/index.php?rest_route=%2Fwp%2Fv2%2Fcomments&post=8239"}],"version-history":[{"count":2,"href":"https:\/\/partediario.com.ar\/index.php?rest_route=\/wp\/v2\/posts\/8239\/revisions"}],"predecessor-version":[{"id":8245,"href":"https:\/\/partediario.com.ar\/index.php?rest_route=\/wp\/v2\/posts\/8239\/revisions\/8245"}],"wp:featuredmedia":[{"embeddable":true,"href":"https:\/\/partediario.com.ar\/index.php?rest_route=\/wp\/v2\/media\/8240"}],"wp:attachment":[{"href":"https:\/\/partediario.com.ar\/index.php?rest_route=%2Fwp%2Fv2%2Fmedia&parent=8239"}],"wp:term":[{"taxonomy":"category","embeddable":true,"href":"https:\/\/partediario.com.ar\/index.php?rest_route=%2Fwp%2Fv2%2Fcategories&post=8239"},{"taxonomy":"post_tag","embeddable":true,"href":"https:\/\/partediario.com.ar\/index.php?rest_route=%2Fwp%2Fv2%2Ftags&post=8239"}],"curies":[{"name":"wp","href":"https:\/\/api.w.org\/{rel}","templated":true}]}}