{"id":8252,"date":"2024-10-10T12:54:51","date_gmt":"2024-10-10T15:54:51","guid":{"rendered":"https:\/\/partediario.com.ar\/?p=8252"},"modified":"2024-10-11T10:27:11","modified_gmt":"2024-10-11T13:27:11","slug":"solicitan-se-llame-a-declaracion-indagatoria-a-insaurralde-por-supuesto-enriquecimiento-ilicito","status":"publish","type":"post","link":"https:\/\/partediario.com.ar\/?p=8252","title":{"rendered":"Solicitan se llame a declaraci\u00f3n indagatoria a Insaurralde por supuesto enriquecimiento il\u00edcito"},"content":{"rendered":"\n<h3 class=\"wp-block-heading\">El fiscal federal Sergio Mola pidi\u00f3 la citaci\u00f3n a declaraci\u00f3n indagatoria del ex intendente de Lomas de Zamora Mart\u00edn Insaurralde, sus dos hijos y su ex esposa, junto a dos presuntos testaferros, por el delito de supuesto enriquecimiento il\u00edcito y lavado de activos a ra\u00edz del viaje a Marbella donde se lo fotografi\u00f3 con Sof\u00eda Clerici y tres propiedades.<\/h3>\n\n\n\n<p>Antes de decidir, el juez federal de La Plata, Ernesto Kreplak, intim\u00f3 a Insaurralde para que en un plazo de diez d\u00edas justifique su patrimonio, seg\u00fan informaron fuentes judiciales. Se trata de un paso previo en las causas por enriquecimiento il\u00edcito, donde el investigado tiene la oportunidad de intentar indicar con qu\u00e9 ingresos accedi\u00f3 a todo lo cuestionado y luego de lo cual, el magistrado definir\u00e1 si hace lugar o no a la solicitud de la Fiscal\u00eda.<\/p>\n\n\n\n<p>En un dictamen entregado al juez Kreplak, el fiscal Mola argument\u00f3 que Insaurralde no podr\u00eda justificar con sus ingresos el viaje a Marbella y la compra de tres propiedades: una en Puerto Madero, otra en Banfield y una \u00faltima en San Vicente.<\/p>\n\n\n\n<p>En el pedido de indagatorias se incluy\u00f3 a los dos hijos del ex intendente, Mart\u00edn y Rodrigo, a su ex esposa Carolina \u00c1lvarez y a otras dos personas, Gast\u00f3n Barrachina y V\u00edctor Donadio, posibles testaferros.<\/p>\n\n\n\n<p>El dictamen no ioncluy\u00f3 a Jesica Cirio, ex pareja de Insaurralde y a Sof\u00eda Clerici, quien lo acompa\u00f1\u00f3 en ese viaje a Marbella, quienes siguen bajo investigaci\u00f3n pero por ahora sin pedido de ser citadas por el momento.<\/p>\n\n\n\n<p>Mola se\u00f1al\u00f3 que los bienes y viajes se habr\u00edan solventado con dinero de \u00abactos de corrupci\u00f3n\u00bb durante el ejercicio de la funci\u00f3n p\u00fablica por parte de Insaurralde y aludi\u00f3 a \u00absituaciones de incompatibilidad, conflictos de inter\u00e9s\u00bb a un incremento de patrimonio que no se condice con sus ingresos declarados.<\/p>\n\n\n\n<p>En el dictamen se precis\u00f3 adem\u00e1s que Insaurralde habr\u00eda comprado veh\u00edculos de alta gama a nombre de presuntos testaferros que le emit\u00edan la c\u00e9dula azul para el uso y se registran unos 70 viajes al exterior -pasajes y estad\u00edas- abonados en efectivo por una suma calculada en al menos 75.000 d\u00f3lares.<\/p>\n","protected":false},"excerpt":{"rendered":"<p>El fiscal federal Sergio Mola pidi&oacute; la citaci&oacute;n a declaraci&oacute;n indagatoria del ex intendente de Lomas de Zamora Mart&iacute;n Insaurralde, sus dos hijos y su ex esposa, junto a dos presuntos testaferros, por el delito de supuesto enriquecimiento il&iacute;cito y lavado de activos a ra&iacute;z del viaje a Marbella donde se lo fotografi&oacute; con Sof&iacute;a [&hellip;]<\/p>\n","protected":false},"author":2,"featured_media":8253,"comment_status":"open","ping_status":"open","sticky":false,"template":"","format":"standard","meta":{"footnotes":""},"categories":[979,5],"tags":[3703,2523,3704,3702,3697,3700,3699,3701,3698,3705],"class_list":["post-8252","post","type-post","status-publish","format-standard","has-post-thumbnail","hentry","category-judiciales","category-nacionales","tag-carolina-alvarez","tag-ernesto-kreplak","tag-gaston-barrachina","tag-hijos","tag-indagatoria","tag-martin-insaurralde","tag-sergio-mola","tag-sofia-clerici","tag-solicitud","tag-victor-donadio"],"_links":{"self":[{"href":"https:\/\/partediario.com.ar\/index.php?rest_route=\/wp\/v2\/posts\/8252","targetHints":{"allow":["GET"]}}],"collection":[{"href":"https:\/\/partediario.com.ar\/index.php?rest_route=\/wp\/v2\/posts"}],"about":[{"href":"https:\/\/partediario.com.ar\/index.php?rest_route=\/wp\/v2\/types\/post"}],"author":[{"embeddable":true,"href":"https:\/\/partediario.com.ar\/index.php?rest_route=\/wp\/v2\/users\/2"}],"replies":[{"embeddable":true,"href":"https:\/\/partediario.com.ar\/index.php?rest_route=%2Fwp%2Fv2%2Fcomments&post=8252"}],"version-history":[{"count":1,"href":"https:\/\/partediario.com.ar\/index.php?rest_route=\/wp\/v2\/posts\/8252\/revisions"}],"predecessor-version":[{"id":8254,"href":"https:\/\/partediario.com.ar\/index.php?rest_route=\/wp\/v2\/posts\/8252\/revisions\/8254"}],"wp:featuredmedia":[{"embeddable":true,"href":"https:\/\/partediario.com.ar\/index.php?rest_route=\/wp\/v2\/media\/8253"}],"wp:attachment":[{"href":"https:\/\/partediario.com.ar\/index.php?rest_route=%2Fwp%2Fv2%2Fmedia&parent=8252"}],"wp:term":[{"taxonomy":"category","embeddable":true,"href":"https:\/\/partediario.com.ar\/index.php?rest_route=%2Fwp%2Fv2%2Fcategories&post=8252"},{"taxonomy":"post_tag","embeddable":true,"href":"https:\/\/partediario.com.ar\/index.php?rest_route=%2Fwp%2Fv2%2Ftags&post=8252"}],"curies":[{"name":"wp","href":"https:\/\/api.w.org\/{rel}","templated":true}]}}