{"id":8291,"date":"2024-10-11T10:06:43","date_gmt":"2024-10-11T13:06:43","guid":{"rendered":"https:\/\/partediario.com.ar\/?p=8291"},"modified":"2024-10-11T10:06:44","modified_gmt":"2024-10-11T13:06:44","slug":"el-detenido-por-provocar-un-incendio-en-cordoba-afirmo-que-la-foto-fue-montada","status":"publish","type":"post","link":"https:\/\/partediario.com.ar\/?p=8291","title":{"rendered":"El detenido por provocar un incendio en C\u00f3rdoba afirm\u00f3 que \u201cla foto fue montada\u201d"},"content":{"rendered":"\n<h3 class=\"wp-block-heading\">El hombre arrestado acusado de provocar un incendio en la ciudad cordobesa de Punilla del Norte, de C\u00f3rdoba asegur\u00f3 que la foto con el bid\u00f3n de nafta fue \u201cmontada\u201d.<\/h3>\n\n\n\n<p>Julio Aguirre brind\u00f3 su versi\u00f3n de los hechos tras permanecer dos semanas detenido e indic\u00f3: \u201cFue una foto montada, no s\u00e9 qui\u00e9n me la sac\u00f3, nunca tuve un bid\u00f3n de nafta\u201d.<\/p>\n\n\n\n<p>El imputado por incendio doloso agreg\u00f3 que el bid\u00f3n apareci\u00f3 a seis kil\u00f3metros de d\u00f3nde \u00e9l se encontraba, en otra dependencia policial.<\/p>\n\n\n\n<p>\u201cFui a la casa de mi pap\u00e1 a apagar el fuego, volv\u00ed a mi casa a comer y me habl\u00f3 mi patr\u00f3n para preguntarme si necesitaba algo\u201d, relat\u00f3, y consider\u00f3 que \u201cal rato le mand\u00f3 un audio en el que le pidi\u00f3 si lo ayudaba y fue a caballo\u201d.<\/p>\n\n\n\n<p>Personal del Etac y polic\u00edas detuvieron a Aguirre cuando galopaba en la costa: \u201cMe dicen que me sacaron una foto con un bid\u00f3n prendiendo fuego y yo les dec\u00eda que nunca lo tuve\u201c.<\/p>\n\n\n\n<p>\u201cMe agarraron, me tiraron al piso y me dijeron esto lo vas a tener que explicar en la Comisar\u00eda, me tuvieron dos horas para cargarme al m\u00f3vil porque no ten\u00edas esposas\u201d, se\u00f1al\u00f3, y acot\u00f3: \u201cYo les ped\u00eda que me subieran para estar m\u00e1s c\u00f3modo, me estaba lastimando el pecho con las piedras\u201d. \u201cNo me dieron opci\u00f3n de explicar nada, me apagaron el tel\u00e9fono\u201d, denunci\u00f3.<\/p>\n\n\n\n<p>El hombre cont\u00f3 el calvario que vive tras la situaci\u00f3n ocurrida el pasado 20 de septiembre: \u201cMe duele pasar todo esto\u201d.<\/p>\n\n\n\n<p>\u201cGracias a Dios estoy con la conciencia bien limpia de que yo no hice nada\u201d, finaliz\u00f3.<\/p>\n","protected":false},"excerpt":{"rendered":"<p>El hombre arrestado acusado de provocar un incendio en la ciudad cordobesa de Punilla del Norte, de C&oacute;rdoba asegur&oacute; que la foto con el bid&oacute;n de nafta fue &ldquo;montada&rdquo;. Julio Aguirre brind&oacute; su versi&oacute;n de los hechos tras permanecer dos semanas detenido e indic&oacute;: &ldquo;Fue una foto montada, no s&eacute; qui&eacute;n me la sac&oacute;, nunca [&hellip;]<\/p>\n","protected":false},"author":2,"featured_media":8292,"comment_status":"open","ping_status":"open","sticky":false,"template":"","format":"standard","meta":{"footnotes":""},"categories":[979,7,8],"tags":[303,436,456,3725],"class_list":["post-8291","post","type-post","status-publish","format-standard","has-post-thumbnail","hentry","category-judiciales","category-policiales","category-provinciales","tag-cordoba","tag-detenido","tag-incendio","tag-montada"],"_links":{"self":[{"href":"https:\/\/partediario.com.ar\/index.php?rest_route=\/wp\/v2\/posts\/8291","targetHints":{"allow":["GET"]}}],"collection":[{"href":"https:\/\/partediario.com.ar\/index.php?rest_route=\/wp\/v2\/posts"}],"about":[{"href":"https:\/\/partediario.com.ar\/index.php?rest_route=\/wp\/v2\/types\/post"}],"author":[{"embeddable":true,"href":"https:\/\/partediario.com.ar\/index.php?rest_route=\/wp\/v2\/users\/2"}],"replies":[{"embeddable":true,"href":"https:\/\/partediario.com.ar\/index.php?rest_route=%2Fwp%2Fv2%2Fcomments&post=8291"}],"version-history":[{"count":1,"href":"https:\/\/partediario.com.ar\/index.php?rest_route=\/wp\/v2\/posts\/8291\/revisions"}],"predecessor-version":[{"id":8293,"href":"https:\/\/partediario.com.ar\/index.php?rest_route=\/wp\/v2\/posts\/8291\/revisions\/8293"}],"wp:featuredmedia":[{"embeddable":true,"href":"https:\/\/partediario.com.ar\/index.php?rest_route=\/wp\/v2\/media\/8292"}],"wp:attachment":[{"href":"https:\/\/partediario.com.ar\/index.php?rest_route=%2Fwp%2Fv2%2Fmedia&parent=8291"}],"wp:term":[{"taxonomy":"category","embeddable":true,"href":"https:\/\/partediario.com.ar\/index.php?rest_route=%2Fwp%2Fv2%2Fcategories&post=8291"},{"taxonomy":"post_tag","embeddable":true,"href":"https:\/\/partediario.com.ar\/index.php?rest_route=%2Fwp%2Fv2%2Ftags&post=8291"}],"curies":[{"name":"wp","href":"https:\/\/api.w.org\/{rel}","templated":true}]}}